{"id":3206,"date":"2024-08-23T12:05:49","date_gmt":"2024-08-23T10:05:49","guid":{"rendered":"https:\/\/europeix.cat\/?p=3206"},"modified":"2024-08-23T12:06:19","modified_gmt":"2024-08-23T10:06:19","slug":"europeix-s-a-al-tutto-food-milano-2025","status":"publish","type":"post","link":"https:\/\/europeix.cat\/it\/europeix-s-a-al-tutto-food-milano-2025\/","title":{"rendered":"EUROPEIX S.A. al Tutto Food Milano 2025"},"content":{"rendered":"\n<p>Siamo lieti di annunciare che Europeix parteciper\u00e0 alla fiera TuttoFood Milano 2025. Sar\u00e0 una grande opportunit\u00e0 per mostrare i nostri prodotti e connettersi con i leader del settore alimentare. Vi aspettiamo!<\/p>\n\n\n\n<figure class=\"wp-block-image size-full is-resized\"><img decoding=\"async\" loading=\"lazy\" src=\"https:\/\/europeix.cat\/wp-content\/uploads\/2024\/08\/tuttoFoodanunci.jpg\" alt=\"\" class=\"wp-image-3189\" width=\"439\" height=\"439\" srcset=\"https:\/\/europeix.cat\/wp-content\/uploads\/2024\/08\/tuttoFoodanunci.jpg 1080w, https:\/\/europeix.cat\/wp-content\/uploads\/2024\/08\/tuttoFoodanunci-300x300.jpg 300w, https:\/\/europeix.cat\/wp-content\/uploads\/2024\/08\/tuttoFoodanunci-1030x1030.jpg 1030w, https:\/\/europeix.cat\/wp-content\/uploads\/2024\/08\/tuttoFoodanunci-80x80.jpg 80w, https:\/\/europeix.cat\/wp-content\/uploads\/2024\/08\/tuttoFoodanunci-768x768.jpg 768w, https:\/\/europeix.cat\/wp-content\/uploads\/2024\/08\/tuttoFoodanunci-36x36.jpg 36w, https:\/\/europeix.cat\/wp-content\/uploads\/2024\/08\/tuttoFoodanunci-180x180.jpg 180w, https:\/\/europeix.cat\/wp-content\/uploads\/2024\/08\/tuttoFoodanunci-705x705.jpg 705w, https:\/\/europeix.cat\/wp-content\/uploads\/2024\/08\/tuttoFoodanunci-120x120.jpg 120w, https:\/\/europeix.cat\/wp-content\/uploads\/2024\/08\/tuttoFoodanunci-450x450.jpg 450w, https:\/\/europeix.cat\/wp-content\/uploads\/2024\/08\/tuttoFoodanunci-600x600.jpg 600w, https:\/\/europeix.cat\/wp-content\/uploads\/2024\/08\/tuttoFoodanunci-100x100.jpg 100w\" sizes=\"(max-width: 439px) 100vw, 439px\" \/><\/figure>\n","protected":false},"excerpt":{"rendered":"<p>Siamo lieti di annunciare che Europeix parteciper\u00e0 alla fiera TuttoFood Milano 2025. Sar\u00e0 una grande opportunit\u00e0 per mostrare i nostri prodotti e connettersi con i leader del settore alimentare. Vi aspettiamo!<\/p>\n","protected":false},"author":2,"featured_media":3199,"comment_status":"closed","ping_status":"closed","sticky":false,"template":"","format":"standard","meta":[],"categories":[27],"tags":[],"yoast_head":"<!-- This site is optimized with the Yoast SEO plugin v20.9 - https:\/\/yoast.com\/wordpress\/plugins\/seo\/ -->\n<title>EUROPEIX S.A. al Tutto Food Milano 2025 - EUROPEIX<\/title>\n<meta name=\"robots\" content=\"index, follow, max-snippet:-1, max-image-preview:large, max-video-preview:-1\" \/>\n<link rel=\"canonical\" href=\"https:\/\/europeix.cat\/it\/europeix-s-a-al-tutto-food-milano-2025\/\" \/>\n<meta name=\"twitter:label1\" content=\"Scritto da\" \/>\n\t<meta name=\"twitter:data1\" content=\"eu-administrador\" \/>\n\t<meta name=\"twitter:label2\" content=\"Tempo di lettura stimato\" \/>\n\t<meta name=\"twitter:data2\" content=\"1 minuto\" \/>\n<script type=\"application\/ld+json\" class=\"yoast-schema-graph\">{\"@context\":\"https:\/\/schema.org\",\"@graph\":[{\"@type\":\"WebPage\",\"@id\":\"https:\/\/europeix.cat\/it\/europeix-s-a-al-tutto-food-milano-2025\/\",\"url\":\"https:\/\/europeix.cat\/it\/europeix-s-a-al-tutto-food-milano-2025\/\",\"name\":\"EUROPEIX S.A. al Tutto Food Milano 2025 - EUROPEIX\",\"isPartOf\":{\"@id\":\"https:\/\/europeix.cat\/#website\"},\"datePublished\":\"2024-08-23T10:05:49+00:00\",\"dateModified\":\"2024-08-23T10:06:19+00:00\",\"author\":{\"@id\":\"https:\/\/europeix.cat\/#\/schema\/person\/6ce044746279a2398222990a6bd7dfab\"},\"breadcrumb\":{\"@id\":\"https:\/\/europeix.cat\/it\/europeix-s-a-al-tutto-food-milano-2025\/#breadcrumb\"},\"inLanguage\":\"it-IT\",\"potentialAction\":[{\"@type\":\"ReadAction\",\"target\":[\"https:\/\/europeix.cat\/it\/europeix-s-a-al-tutto-food-milano-2025\/\"]}]},{\"@type\":\"BreadcrumbList\",\"@id\":\"https:\/\/europeix.cat\/it\/europeix-s-a-al-tutto-food-milano-2025\/#breadcrumb\",\"itemListElement\":[{\"@type\":\"ListItem\",\"position\":1,\"name\":\"Portada\",\"item\":\"https:\/\/europeix.cat\/it\/casa\/\"},{\"@type\":\"ListItem\",\"position\":2,\"name\":\"EUROPEIX S.A. al Tutto Food Milano 2025\"}]},{\"@type\":\"WebSite\",\"@id\":\"https:\/\/europeix.cat\/#website\",\"url\":\"https:\/\/europeix.cat\/\",\"name\":\"EUROPEIX\",\"description\":\"EUROPEIX\",\"potentialAction\":[{\"@type\":\"SearchAction\",\"target\":{\"@type\":\"EntryPoint\",\"urlTemplate\":\"https:\/\/europeix.cat\/?s={search_term_string}\"},\"query-input\":\"required name=search_term_string\"}],\"inLanguage\":\"it-IT\"},{\"@type\":\"Person\",\"@id\":\"https:\/\/europeix.cat\/#\/schema\/person\/6ce044746279a2398222990a6bd7dfab\",\"name\":\"eu-administrador\",\"url\":\"https:\/\/europeix.cat\/it\/author\/eu-administrador\/\"}]}<\/script>\n<!-- \/ Yoast SEO plugin. -->","yoast_head_json":{"title":"EUROPEIX S.A. al Tutto Food Milano 2025 - EUROPEIX","robots":{"index":"index","follow":"follow","max-snippet":"max-snippet:-1","max-image-preview":"max-image-preview:large","max-video-preview":"max-video-preview:-1"},"canonical":"https:\/\/europeix.cat\/it\/europeix-s-a-al-tutto-food-milano-2025\/","twitter_misc":{"Scritto da":"eu-administrador","Tempo di lettura stimato":"1 minuto"},"schema":{"@context":"https:\/\/schema.org","@graph":[{"@type":"WebPage","@id":"https:\/\/europeix.cat\/it\/europeix-s-a-al-tutto-food-milano-2025\/","url":"https:\/\/europeix.cat\/it\/europeix-s-a-al-tutto-food-milano-2025\/","name":"EUROPEIX S.A. al Tutto Food Milano 2025 - EUROPEIX","isPartOf":{"@id":"https:\/\/europeix.cat\/#website"},"datePublished":"2024-08-23T10:05:49+00:00","dateModified":"2024-08-23T10:06:19+00:00","author":{"@id":"https:\/\/europeix.cat\/#\/schema\/person\/6ce044746279a2398222990a6bd7dfab"},"breadcrumb":{"@id":"https:\/\/europeix.cat\/it\/europeix-s-a-al-tutto-food-milano-2025\/#breadcrumb"},"inLanguage":"it-IT","potentialAction":[{"@type":"ReadAction","target":["https:\/\/europeix.cat\/it\/europeix-s-a-al-tutto-food-milano-2025\/"]}]},{"@type":"BreadcrumbList","@id":"https:\/\/europeix.cat\/it\/europeix-s-a-al-tutto-food-milano-2025\/#breadcrumb","itemListElement":[{"@type":"ListItem","position":1,"name":"Portada","item":"https:\/\/europeix.cat\/it\/casa\/"},{"@type":"ListItem","position":2,"name":"EUROPEIX S.A. al Tutto Food Milano 2025"}]},{"@type":"WebSite","@id":"https:\/\/europeix.cat\/#website","url":"https:\/\/europeix.cat\/","name":"EUROPEIX","description":"EUROPEIX","potentialAction":[{"@type":"SearchAction","target":{"@type":"EntryPoint","urlTemplate":"https:\/\/europeix.cat\/?s={search_term_string}"},"query-input":"required name=search_term_string"}],"inLanguage":"it-IT"},{"@type":"Person","@id":"https:\/\/europeix.cat\/#\/schema\/person\/6ce044746279a2398222990a6bd7dfab","name":"eu-administrador","url":"https:\/\/europeix.cat\/it\/author\/eu-administrador\/"}]}},"_links":{"self":[{"href":"https:\/\/europeix.cat\/it\/wp-json\/wp\/v2\/posts\/3206"}],"collection":[{"href":"https:\/\/europeix.cat\/it\/wp-json\/wp\/v2\/posts"}],"about":[{"href":"https:\/\/europeix.cat\/it\/wp-json\/wp\/v2\/types\/post"}],"author":[{"embeddable":true,"href":"https:\/\/europeix.cat\/it\/wp-json\/wp\/v2\/users\/2"}],"replies":[{"embeddable":true,"href":"https:\/\/europeix.cat\/it\/wp-json\/wp\/v2\/comments?post=3206"}],"version-history":[{"count":1,"href":"https:\/\/europeix.cat\/it\/wp-json\/wp\/v2\/posts\/3206\/revisions"}],"predecessor-version":[{"id":3207,"href":"https:\/\/europeix.cat\/it\/wp-json\/wp\/v2\/posts\/3206\/revisions\/3207"}],"wp:featuredmedia":[{"embeddable":true,"href":"https:\/\/europeix.cat\/it\/wp-json\/wp\/v2\/media\/3199"}],"wp:attachment":[{"href":"https:\/\/europeix.cat\/it\/wp-json\/wp\/v2\/media?parent=3206"}],"wp:term":[{"taxonomy":"category","embeddable":true,"href":"https:\/\/europeix.cat\/it\/wp-json\/wp\/v2\/categories?post=3206"},{"taxonomy":"post_tag","embeddable":true,"href":"https:\/\/europeix.cat\/it\/wp-json\/wp\/v2\/tags?post=3206"}],"curies":[{"name":"wp","href":"https:\/\/api.w.org\/{rel}","templated":true}]}}