{"id":3783,"date":"2025-02-05T08:17:21","date_gmt":"2025-02-05T07:17:21","guid":{"rendered":"https:\/\/europeix.cat\/?p=3783"},"modified":"2025-02-05T08:17:23","modified_gmt":"2025-02-05T07:17:23","slug":"%f0%9f%a9%b5-europeix-s-a-engagee-dans-la-solidarite-%f0%9f%8e%97%ef%b8%8f","status":"publish","type":"post","link":"https:\/\/europeix.cat\/fr\/%f0%9f%a9%b5-europeix-s-a-engagee-dans-la-solidarite-%f0%9f%8e%97%ef%b8%8f\/","title":{"rendered":"\ud83e\ude75 EUROPEIX S.A. engag\u00e9e dans la solidarit\u00e9 \ud83c\udf97\ufe0f"},"content":{"rendered":"\n<p><div>Chez Europeix S.A., nous croyons au pouvoir de la solidarit\u00e9 et \u00e0 la responsabilit\u00e9 sociale. C&rsquo;est pourquoi nous sommes fiers d&rsquo;annoncer notre collaboration avec l&rsquo;Association Contre le Cancer et l&rsquo;H\u00f4pital Sant Joan de D\u00e9u, deux organisations qui font un travail incroyable pour aider ceux qui en ont le plus besoin.\ud83e\udd1d Ensemble pour un avenir meilleur ! Nous continuerons \u00e0 soutenir des initiatives qui font la diff\u00e9rence.\ud83d\ude4f Merci \u00e0 tous ceux qui rendent ce grand travail possible !<\/div><\/p>\n\n\n\n<figure class=\"wp-block-image size-full is-resized\"><img decoding=\"async\" loading=\"lazy\" src=\"https:\/\/europeix.cat\/wp-content\/uploads\/2025\/02\/Ajudans-a-donar-suport-a-aquesta-gran-causa-2.jpg\" alt=\"Ajudans-a-donar-suport-a-aquesta-gran-causa-2\" class=\"wp-image-3789\" width=\"332\" height=\"415\" srcset=\"https:\/\/europeix.cat\/wp-content\/uploads\/2025\/02\/Ajudans-a-donar-suport-a-aquesta-gran-causa-2.jpg 1080w, https:\/\/europeix.cat\/wp-content\/uploads\/2025\/02\/Ajudans-a-donar-suport-a-aquesta-gran-causa-2-240x300.jpg 240w, https:\/\/europeix.cat\/wp-content\/uploads\/2025\/02\/Ajudans-a-donar-suport-a-aquesta-gran-causa-2-824x1030.jpg 824w, https:\/\/europeix.cat\/wp-content\/uploads\/2025\/02\/Ajudans-a-donar-suport-a-aquesta-gran-causa-2-768x960.jpg 768w, https:\/\/europeix.cat\/wp-content\/uploads\/2025\/02\/Ajudans-a-donar-suport-a-aquesta-gran-causa-2-564x705.jpg 564w, https:\/\/europeix.cat\/wp-content\/uploads\/2025\/02\/Ajudans-a-donar-suport-a-aquesta-gran-causa-2-450x563.jpg 450w, https:\/\/europeix.cat\/wp-content\/uploads\/2025\/02\/Ajudans-a-donar-suport-a-aquesta-gran-causa-2-600x750.jpg 600w\" sizes=\"(max-width: 332px) 100vw, 332px\" \/><\/figure>\n","protected":false},"excerpt":{"rendered":"<p>Chez Europeix S.A., nous croyons au pouvoir de la solidarit\u00e9 et \u00e0 la responsabilit\u00e9 sociale. C&rsquo;est pourquoi nous sommes fiers d&rsquo;annoncer notre collaboration avec l&rsquo;Association Contre le Cancer et l&rsquo;H\u00f4pital Sant Joan de D\u00e9u, deux organisations qui font un travail incroyable pour aider ceux qui en ont le plus besoin.\ud83e\udd1d Ensemble pour un avenir meilleur [&hellip;]<\/p>\n","protected":false},"author":2,"featured_media":3757,"comment_status":"closed","ping_status":"closed","sticky":false,"template":"","format":"standard","meta":[],"categories":[26],"tags":[],"yoast_head":"<!-- This site is optimized with the Yoast SEO plugin v20.9 - https:\/\/yoast.com\/wordpress\/plugins\/seo\/ -->\n<title>\ud83e\ude75 EUROPEIX S.A. engag\u00e9e dans la solidarit\u00e9 \ud83c\udf97\ufe0f - EUROPEIX<\/title>\n<meta name=\"robots\" content=\"index, follow, max-snippet:-1, max-image-preview:large, max-video-preview:-1\" \/>\n<link rel=\"canonical\" href=\"https:\/\/europeix.cat\/fr\/\ud83e\ude75-europeix-s-a-engagee-dans-la-solidarite-\ud83c\udf97\ufe0f\/\" \/>\n<meta name=\"twitter:label1\" content=\"\u00c9crit par\" \/>\n\t<meta name=\"twitter:data1\" content=\"eu-administrador\" \/>\n\t<meta name=\"twitter:label2\" content=\"Dur\u00e9e de lecture estim\u00e9e\" \/>\n\t<meta name=\"twitter:data2\" content=\"1 minute\" \/>\n<script type=\"application\/ld+json\" class=\"yoast-schema-graph\">{\"@context\":\"https:\/\/schema.org\",\"@graph\":[{\"@type\":\"WebPage\",\"@id\":\"https:\/\/europeix.cat\/fr\/%f0%9f%a9%b5-europeix-s-a-engagee-dans-la-solidarite-%f0%9f%8e%97%ef%b8%8f\/\",\"url\":\"https:\/\/europeix.cat\/fr\/%f0%9f%a9%b5-europeix-s-a-engagee-dans-la-solidarite-%f0%9f%8e%97%ef%b8%8f\/\",\"name\":\"\ud83e\ude75 EUROPEIX S.A. engag\u00e9e dans la solidarit\u00e9 \ud83c\udf97\ufe0f - EUROPEIX\",\"isPartOf\":{\"@id\":\"https:\/\/europeix.cat\/#website\"},\"datePublished\":\"2025-02-05T07:17:21+00:00\",\"dateModified\":\"2025-02-05T07:17:23+00:00\",\"author\":{\"@id\":\"https:\/\/europeix.cat\/#\/schema\/person\/6ce044746279a2398222990a6bd7dfab\"},\"breadcrumb\":{\"@id\":\"https:\/\/europeix.cat\/fr\/%f0%9f%a9%b5-europeix-s-a-engagee-dans-la-solidarite-%f0%9f%8e%97%ef%b8%8f\/#breadcrumb\"},\"inLanguage\":\"fr-FR\",\"potentialAction\":[{\"@type\":\"ReadAction\",\"target\":[\"https:\/\/europeix.cat\/fr\/%f0%9f%a9%b5-europeix-s-a-engagee-dans-la-solidarite-%f0%9f%8e%97%ef%b8%8f\/\"]}]},{\"@type\":\"BreadcrumbList\",\"@id\":\"https:\/\/europeix.cat\/fr\/%f0%9f%a9%b5-europeix-s-a-engagee-dans-la-solidarite-%f0%9f%8e%97%ef%b8%8f\/#breadcrumb\",\"itemListElement\":[{\"@type\":\"ListItem\",\"position\":1,\"name\":\"Portada\",\"item\":\"https:\/\/europeix.cat\/fr\/accueil\/\"},{\"@type\":\"ListItem\",\"position\":2,\"name\":\"\ud83e\ude75 EUROPEIX S.A. engag\u00e9e dans la solidarit\u00e9 \ud83c\udf97\ufe0f\"}]},{\"@type\":\"WebSite\",\"@id\":\"https:\/\/europeix.cat\/#website\",\"url\":\"https:\/\/europeix.cat\/\",\"name\":\"EUROPEIX\",\"description\":\"EUROPEIX\",\"potentialAction\":[{\"@type\":\"SearchAction\",\"target\":{\"@type\":\"EntryPoint\",\"urlTemplate\":\"https:\/\/europeix.cat\/?s={search_term_string}\"},\"query-input\":\"required name=search_term_string\"}],\"inLanguage\":\"fr-FR\"},{\"@type\":\"Person\",\"@id\":\"https:\/\/europeix.cat\/#\/schema\/person\/6ce044746279a2398222990a6bd7dfab\",\"name\":\"eu-administrador\",\"url\":\"https:\/\/europeix.cat\/fr\/author\/eu-administrador\/\"}]}<\/script>\n<!-- \/ Yoast SEO plugin. -->","yoast_head_json":{"title":"\ud83e\ude75 EUROPEIX S.A. engag\u00e9e dans la solidarit\u00e9 \ud83c\udf97\ufe0f - EUROPEIX","robots":{"index":"index","follow":"follow","max-snippet":"max-snippet:-1","max-image-preview":"max-image-preview:large","max-video-preview":"max-video-preview:-1"},"canonical":"https:\/\/europeix.cat\/fr\/\ud83e\ude75-europeix-s-a-engagee-dans-la-solidarite-\ud83c\udf97\ufe0f\/","twitter_misc":{"\u00c9crit par":"eu-administrador","Dur\u00e9e de lecture estim\u00e9e":"1 minute"},"schema":{"@context":"https:\/\/schema.org","@graph":[{"@type":"WebPage","@id":"https:\/\/europeix.cat\/fr\/%f0%9f%a9%b5-europeix-s-a-engagee-dans-la-solidarite-%f0%9f%8e%97%ef%b8%8f\/","url":"https:\/\/europeix.cat\/fr\/%f0%9f%a9%b5-europeix-s-a-engagee-dans-la-solidarite-%f0%9f%8e%97%ef%b8%8f\/","name":"\ud83e\ude75 EUROPEIX S.A. engag\u00e9e dans la solidarit\u00e9 \ud83c\udf97\ufe0f - EUROPEIX","isPartOf":{"@id":"https:\/\/europeix.cat\/#website"},"datePublished":"2025-02-05T07:17:21+00:00","dateModified":"2025-02-05T07:17:23+00:00","author":{"@id":"https:\/\/europeix.cat\/#\/schema\/person\/6ce044746279a2398222990a6bd7dfab"},"breadcrumb":{"@id":"https:\/\/europeix.cat\/fr\/%f0%9f%a9%b5-europeix-s-a-engagee-dans-la-solidarite-%f0%9f%8e%97%ef%b8%8f\/#breadcrumb"},"inLanguage":"fr-FR","potentialAction":[{"@type":"ReadAction","target":["https:\/\/europeix.cat\/fr\/%f0%9f%a9%b5-europeix-s-a-engagee-dans-la-solidarite-%f0%9f%8e%97%ef%b8%8f\/"]}]},{"@type":"BreadcrumbList","@id":"https:\/\/europeix.cat\/fr\/%f0%9f%a9%b5-europeix-s-a-engagee-dans-la-solidarite-%f0%9f%8e%97%ef%b8%8f\/#breadcrumb","itemListElement":[{"@type":"ListItem","position":1,"name":"Portada","item":"https:\/\/europeix.cat\/fr\/accueil\/"},{"@type":"ListItem","position":2,"name":"\ud83e\ude75 EUROPEIX S.A. engag\u00e9e dans la solidarit\u00e9 \ud83c\udf97\ufe0f"}]},{"@type":"WebSite","@id":"https:\/\/europeix.cat\/#website","url":"https:\/\/europeix.cat\/","name":"EUROPEIX","description":"EUROPEIX","potentialAction":[{"@type":"SearchAction","target":{"@type":"EntryPoint","urlTemplate":"https:\/\/europeix.cat\/?s={search_term_string}"},"query-input":"required name=search_term_string"}],"inLanguage":"fr-FR"},{"@type":"Person","@id":"https:\/\/europeix.cat\/#\/schema\/person\/6ce044746279a2398222990a6bd7dfab","name":"eu-administrador","url":"https:\/\/europeix.cat\/fr\/author\/eu-administrador\/"}]}},"_links":{"self":[{"href":"https:\/\/europeix.cat\/fr\/wp-json\/wp\/v2\/posts\/3783"}],"collection":[{"href":"https:\/\/europeix.cat\/fr\/wp-json\/wp\/v2\/posts"}],"about":[{"href":"https:\/\/europeix.cat\/fr\/wp-json\/wp\/v2\/types\/post"}],"author":[{"embeddable":true,"href":"https:\/\/europeix.cat\/fr\/wp-json\/wp\/v2\/users\/2"}],"replies":[{"embeddable":true,"href":"https:\/\/europeix.cat\/fr\/wp-json\/wp\/v2\/comments?post=3783"}],"version-history":[{"count":1,"href":"https:\/\/europeix.cat\/fr\/wp-json\/wp\/v2\/posts\/3783\/revisions"}],"predecessor-version":[{"id":3794,"href":"https:\/\/europeix.cat\/fr\/wp-json\/wp\/v2\/posts\/3783\/revisions\/3794"}],"wp:featuredmedia":[{"embeddable":true,"href":"https:\/\/europeix.cat\/fr\/wp-json\/wp\/v2\/media\/3757"}],"wp:attachment":[{"href":"https:\/\/europeix.cat\/fr\/wp-json\/wp\/v2\/media?parent=3783"}],"wp:term":[{"taxonomy":"category","embeddable":true,"href":"https:\/\/europeix.cat\/fr\/wp-json\/wp\/v2\/categories?post=3783"},{"taxonomy":"post_tag","embeddable":true,"href":"https:\/\/europeix.cat\/fr\/wp-json\/wp\/v2\/tags?post=3783"}],"curies":[{"name":"wp","href":"https:\/\/api.w.org\/{rel}","templated":true}]}}