{"id":3204,"date":"2024-08-23T12:03:32","date_gmt":"2024-08-23T10:03:32","guid":{"rendered":"https:\/\/europeix.cat\/?p=3204"},"modified":"2024-08-23T12:03:34","modified_gmt":"2024-08-23T10:03:34","slug":"europeix-s-a-au-tutto-food-milano-2025","status":"publish","type":"post","link":"https:\/\/europeix.cat\/fr\/europeix-s-a-au-tutto-food-milano-2025\/","title":{"rendered":"EUROPEIX S.A. au Tutto Food Milano 2025"},"content":{"rendered":"\n<p>Nous sommes ravis d&rsquo;annoncer qu&rsquo;Europeix participera au salon TuttoFood Milan 2025. Ce sera une excellente opportunit\u00e9 pour pr\u00e9senter nos produits et \u00e9tablir des contacts avec les leaders du secteur alimentaire. Nous vous y attendons avec impatience !<\/p>\n\n\n\n<figure class=\"wp-block-image size-full is-resized\"><img decoding=\"async\" loading=\"lazy\" src=\"https:\/\/europeix.cat\/wp-content\/uploads\/2024\/08\/tuttoFoodanunci.jpg\" alt=\"\" class=\"wp-image-3188\" width=\"477\" height=\"477\" srcset=\"https:\/\/europeix.cat\/wp-content\/uploads\/2024\/08\/tuttoFoodanunci.jpg 1080w, https:\/\/europeix.cat\/wp-content\/uploads\/2024\/08\/tuttoFoodanunci-300x300.jpg 300w, https:\/\/europeix.cat\/wp-content\/uploads\/2024\/08\/tuttoFoodanunci-1030x1030.jpg 1030w, https:\/\/europeix.cat\/wp-content\/uploads\/2024\/08\/tuttoFoodanunci-80x80.jpg 80w, https:\/\/europeix.cat\/wp-content\/uploads\/2024\/08\/tuttoFoodanunci-768x768.jpg 768w, https:\/\/europeix.cat\/wp-content\/uploads\/2024\/08\/tuttoFoodanunci-36x36.jpg 36w, https:\/\/europeix.cat\/wp-content\/uploads\/2024\/08\/tuttoFoodanunci-180x180.jpg 180w, https:\/\/europeix.cat\/wp-content\/uploads\/2024\/08\/tuttoFoodanunci-705x705.jpg 705w, https:\/\/europeix.cat\/wp-content\/uploads\/2024\/08\/tuttoFoodanunci-120x120.jpg 120w, https:\/\/europeix.cat\/wp-content\/uploads\/2024\/08\/tuttoFoodanunci-450x450.jpg 450w, https:\/\/europeix.cat\/wp-content\/uploads\/2024\/08\/tuttoFoodanunci-600x600.jpg 600w, https:\/\/europeix.cat\/wp-content\/uploads\/2024\/08\/tuttoFoodanunci-100x100.jpg 100w\" sizes=\"(max-width: 477px) 100vw, 477px\" \/><\/figure>\n","protected":false},"excerpt":{"rendered":"<p>Nous sommes ravis d&rsquo;annoncer qu&rsquo;Europeix participera au salon TuttoFood Milan 2025. Ce sera une excellente opportunit\u00e9 pour pr\u00e9senter nos produits et \u00e9tablir des contacts avec les leaders du secteur alimentaire. Nous vous y attendons avec impatience !<\/p>\n","protected":false},"author":2,"featured_media":3198,"comment_status":"closed","ping_status":"closed","sticky":false,"template":"","format":"standard","meta":[],"categories":[26],"tags":[],"yoast_head":"<!-- This site is optimized with the Yoast SEO plugin v20.9 - https:\/\/yoast.com\/wordpress\/plugins\/seo\/ -->\n<title>EUROPEIX S.A. au Tutto Food Milano 2025 - EUROPEIX<\/title>\n<meta name=\"robots\" content=\"index, follow, max-snippet:-1, max-image-preview:large, max-video-preview:-1\" \/>\n<link rel=\"canonical\" href=\"https:\/\/europeix.cat\/fr\/europeix-s-a-au-tutto-food-milano-2025\/\" \/>\n<meta name=\"twitter:label1\" content=\"\u00c9crit par\" \/>\n\t<meta name=\"twitter:data1\" content=\"eu-administrador\" \/>\n\t<meta name=\"twitter:label2\" content=\"Dur\u00e9e de lecture estim\u00e9e\" \/>\n\t<meta name=\"twitter:data2\" content=\"1 minute\" \/>\n<script type=\"application\/ld+json\" class=\"yoast-schema-graph\">{\"@context\":\"https:\/\/schema.org\",\"@graph\":[{\"@type\":\"WebPage\",\"@id\":\"https:\/\/europeix.cat\/fr\/europeix-s-a-au-tutto-food-milano-2025\/\",\"url\":\"https:\/\/europeix.cat\/fr\/europeix-s-a-au-tutto-food-milano-2025\/\",\"name\":\"EUROPEIX S.A. au Tutto Food Milano 2025 - EUROPEIX\",\"isPartOf\":{\"@id\":\"https:\/\/europeix.cat\/#website\"},\"datePublished\":\"2024-08-23T10:03:32+00:00\",\"dateModified\":\"2024-08-23T10:03:34+00:00\",\"author\":{\"@id\":\"https:\/\/europeix.cat\/#\/schema\/person\/6ce044746279a2398222990a6bd7dfab\"},\"breadcrumb\":{\"@id\":\"https:\/\/europeix.cat\/fr\/europeix-s-a-au-tutto-food-milano-2025\/#breadcrumb\"},\"inLanguage\":\"fr-FR\",\"potentialAction\":[{\"@type\":\"ReadAction\",\"target\":[\"https:\/\/europeix.cat\/fr\/europeix-s-a-au-tutto-food-milano-2025\/\"]}]},{\"@type\":\"BreadcrumbList\",\"@id\":\"https:\/\/europeix.cat\/fr\/europeix-s-a-au-tutto-food-milano-2025\/#breadcrumb\",\"itemListElement\":[{\"@type\":\"ListItem\",\"position\":1,\"name\":\"Portada\",\"item\":\"https:\/\/europeix.cat\/fr\/accueil\/\"},{\"@type\":\"ListItem\",\"position\":2,\"name\":\"EUROPEIX S.A. au Tutto Food Milano 2025\"}]},{\"@type\":\"WebSite\",\"@id\":\"https:\/\/europeix.cat\/#website\",\"url\":\"https:\/\/europeix.cat\/\",\"name\":\"EUROPEIX\",\"description\":\"EUROPEIX\",\"potentialAction\":[{\"@type\":\"SearchAction\",\"target\":{\"@type\":\"EntryPoint\",\"urlTemplate\":\"https:\/\/europeix.cat\/?s={search_term_string}\"},\"query-input\":\"required name=search_term_string\"}],\"inLanguage\":\"fr-FR\"},{\"@type\":\"Person\",\"@id\":\"https:\/\/europeix.cat\/#\/schema\/person\/6ce044746279a2398222990a6bd7dfab\",\"name\":\"eu-administrador\",\"url\":\"https:\/\/europeix.cat\/fr\/author\/eu-administrador\/\"}]}<\/script>\n<!-- \/ Yoast SEO plugin. -->","yoast_head_json":{"title":"EUROPEIX S.A. au Tutto Food Milano 2025 - EUROPEIX","robots":{"index":"index","follow":"follow","max-snippet":"max-snippet:-1","max-image-preview":"max-image-preview:large","max-video-preview":"max-video-preview:-1"},"canonical":"https:\/\/europeix.cat\/fr\/europeix-s-a-au-tutto-food-milano-2025\/","twitter_misc":{"\u00c9crit par":"eu-administrador","Dur\u00e9e de lecture estim\u00e9e":"1 minute"},"schema":{"@context":"https:\/\/schema.org","@graph":[{"@type":"WebPage","@id":"https:\/\/europeix.cat\/fr\/europeix-s-a-au-tutto-food-milano-2025\/","url":"https:\/\/europeix.cat\/fr\/europeix-s-a-au-tutto-food-milano-2025\/","name":"EUROPEIX S.A. au Tutto Food Milano 2025 - EUROPEIX","isPartOf":{"@id":"https:\/\/europeix.cat\/#website"},"datePublished":"2024-08-23T10:03:32+00:00","dateModified":"2024-08-23T10:03:34+00:00","author":{"@id":"https:\/\/europeix.cat\/#\/schema\/person\/6ce044746279a2398222990a6bd7dfab"},"breadcrumb":{"@id":"https:\/\/europeix.cat\/fr\/europeix-s-a-au-tutto-food-milano-2025\/#breadcrumb"},"inLanguage":"fr-FR","potentialAction":[{"@type":"ReadAction","target":["https:\/\/europeix.cat\/fr\/europeix-s-a-au-tutto-food-milano-2025\/"]}]},{"@type":"BreadcrumbList","@id":"https:\/\/europeix.cat\/fr\/europeix-s-a-au-tutto-food-milano-2025\/#breadcrumb","itemListElement":[{"@type":"ListItem","position":1,"name":"Portada","item":"https:\/\/europeix.cat\/fr\/accueil\/"},{"@type":"ListItem","position":2,"name":"EUROPEIX S.A. au Tutto Food Milano 2025"}]},{"@type":"WebSite","@id":"https:\/\/europeix.cat\/#website","url":"https:\/\/europeix.cat\/","name":"EUROPEIX","description":"EUROPEIX","potentialAction":[{"@type":"SearchAction","target":{"@type":"EntryPoint","urlTemplate":"https:\/\/europeix.cat\/?s={search_term_string}"},"query-input":"required name=search_term_string"}],"inLanguage":"fr-FR"},{"@type":"Person","@id":"https:\/\/europeix.cat\/#\/schema\/person\/6ce044746279a2398222990a6bd7dfab","name":"eu-administrador","url":"https:\/\/europeix.cat\/fr\/author\/eu-administrador\/"}]}},"_links":{"self":[{"href":"https:\/\/europeix.cat\/fr\/wp-json\/wp\/v2\/posts\/3204"}],"collection":[{"href":"https:\/\/europeix.cat\/fr\/wp-json\/wp\/v2\/posts"}],"about":[{"href":"https:\/\/europeix.cat\/fr\/wp-json\/wp\/v2\/types\/post"}],"author":[{"embeddable":true,"href":"https:\/\/europeix.cat\/fr\/wp-json\/wp\/v2\/users\/2"}],"replies":[{"embeddable":true,"href":"https:\/\/europeix.cat\/fr\/wp-json\/wp\/v2\/comments?post=3204"}],"version-history":[{"count":1,"href":"https:\/\/europeix.cat\/fr\/wp-json\/wp\/v2\/posts\/3204\/revisions"}],"predecessor-version":[{"id":3205,"href":"https:\/\/europeix.cat\/fr\/wp-json\/wp\/v2\/posts\/3204\/revisions\/3205"}],"wp:featuredmedia":[{"embeddable":true,"href":"https:\/\/europeix.cat\/fr\/wp-json\/wp\/v2\/media\/3198"}],"wp:attachment":[{"href":"https:\/\/europeix.cat\/fr\/wp-json\/wp\/v2\/media?parent=3204"}],"wp:term":[{"taxonomy":"category","embeddable":true,"href":"https:\/\/europeix.cat\/fr\/wp-json\/wp\/v2\/categories?post=3204"},{"taxonomy":"post_tag","embeddable":true,"href":"https:\/\/europeix.cat\/fr\/wp-json\/wp\/v2\/tags?post=3204"}],"curies":[{"name":"wp","href":"https:\/\/api.w.org\/{rel}","templated":true}]}}