{"id":2583,"date":"2024-03-20T08:22:56","date_gmt":"2024-03-20T07:22:56","guid":{"rendered":"https:\/\/europeix.cat\/?p=2583"},"modified":"2024-03-20T08:23:00","modified_gmt":"2024-03-20T07:23:00","slug":"seafood-expo-global-barcelona-2024","status":"publish","type":"post","link":"https:\/\/europeix.cat\/fr\/seafood-expo-global-barcelona-2024\/","title":{"rendered":"SEAFOOD EXPO GLOBAL BARCELONA 2024"},"content":{"rendered":"\n<p>Nous aimerions vous informer que nous participerons cette ann\u00e9e \u00e0 la Seafood Expo Global de Barcelone.<br>Ce sera un plaisir de vous y rencontrer.<br>Si vous souhaitez organiser une r\u00e9union avec nous, n&rsquo;h\u00e9sitez pas \u00e0 nous contacter \u00e0 l&rsquo;adresse\u00a0<a href=\"mailto:export@europeix.cat\" target=\"_blank\" rel=\"noreferrer noopener\">export@europeix.cat<\/a>\u00a0ou au +34 602256305 (WhatsApp).<\/p>\n\n\n\n<figure class=\"wp-block-image size-full\"><img decoding=\"async\" loading=\"lazy\" width=\"1122\" height=\"793\" src=\"https:\/\/europeix.cat\/wp-content\/uploads\/2024\/03\/WE-WILL-BE-AT-SEAFOOD-EXPO-BARCELONA-2.gif\" alt=\"We-will-be-at-seafood-expo-barcelona-2\" class=\"wp-image-2584\" \/><\/figure>\n","protected":false},"excerpt":{"rendered":"<p>Nous aimerions vous informer que nous participerons cette ann\u00e9e \u00e0 la Seafood Expo Global de Barcelone.Ce sera un plaisir de vous y rencontrer.Si vous souhaitez organiser une r\u00e9union avec nous, n&rsquo;h\u00e9sitez pas \u00e0 nous contacter \u00e0 l&rsquo;adresse\u00a0export@europeix.cat\u00a0ou au +34 602256305 (WhatsApp).<\/p>\n","protected":false},"author":2,"featured_media":2564,"comment_status":"closed","ping_status":"closed","sticky":false,"template":"","format":"standard","meta":[],"categories":[26],"tags":[],"yoast_head":"<!-- This site is optimized with the Yoast SEO plugin v20.9 - https:\/\/yoast.com\/wordpress\/plugins\/seo\/ -->\n<title>SEAFOOD EXPO GLOBAL BARCELONA 2024 - EUROPEIX<\/title>\n<meta name=\"robots\" content=\"index, follow, max-snippet:-1, max-image-preview:large, max-video-preview:-1\" \/>\n<link rel=\"canonical\" href=\"https:\/\/europeix.cat\/fr\/seafood-expo-global-barcelona-2024\/\" \/>\n<meta name=\"twitter:label1\" content=\"\u00c9crit par\" \/>\n\t<meta name=\"twitter:data1\" content=\"eu-administrador\" \/>\n\t<meta name=\"twitter:label2\" content=\"Dur\u00e9e de lecture estim\u00e9e\" \/>\n\t<meta name=\"twitter:data2\" content=\"1 minute\" \/>\n<script type=\"application\/ld+json\" class=\"yoast-schema-graph\">{\"@context\":\"https:\/\/schema.org\",\"@graph\":[{\"@type\":\"WebPage\",\"@id\":\"https:\/\/europeix.cat\/fr\/seafood-expo-global-barcelona-2024\/\",\"url\":\"https:\/\/europeix.cat\/fr\/seafood-expo-global-barcelona-2024\/\",\"name\":\"SEAFOOD EXPO GLOBAL BARCELONA 2024 - EUROPEIX\",\"isPartOf\":{\"@id\":\"https:\/\/europeix.cat\/#website\"},\"datePublished\":\"2024-03-20T07:22:56+00:00\",\"dateModified\":\"2024-03-20T07:23:00+00:00\",\"author\":{\"@id\":\"https:\/\/europeix.cat\/#\/schema\/person\/6ce044746279a2398222990a6bd7dfab\"},\"breadcrumb\":{\"@id\":\"https:\/\/europeix.cat\/fr\/seafood-expo-global-barcelona-2024\/#breadcrumb\"},\"inLanguage\":\"fr-FR\",\"potentialAction\":[{\"@type\":\"ReadAction\",\"target\":[\"https:\/\/europeix.cat\/fr\/seafood-expo-global-barcelona-2024\/\"]}]},{\"@type\":\"BreadcrumbList\",\"@id\":\"https:\/\/europeix.cat\/fr\/seafood-expo-global-barcelona-2024\/#breadcrumb\",\"itemListElement\":[{\"@type\":\"ListItem\",\"position\":1,\"name\":\"Portada\",\"item\":\"https:\/\/europeix.cat\/fr\/accueil\/\"},{\"@type\":\"ListItem\",\"position\":2,\"name\":\"SEAFOOD EXPO GLOBAL BARCELONA 2024\"}]},{\"@type\":\"WebSite\",\"@id\":\"https:\/\/europeix.cat\/#website\",\"url\":\"https:\/\/europeix.cat\/\",\"name\":\"EUROPEIX\",\"description\":\"EUROPEIX\",\"potentialAction\":[{\"@type\":\"SearchAction\",\"target\":{\"@type\":\"EntryPoint\",\"urlTemplate\":\"https:\/\/europeix.cat\/?s={search_term_string}\"},\"query-input\":\"required name=search_term_string\"}],\"inLanguage\":\"fr-FR\"},{\"@type\":\"Person\",\"@id\":\"https:\/\/europeix.cat\/#\/schema\/person\/6ce044746279a2398222990a6bd7dfab\",\"name\":\"eu-administrador\",\"url\":\"https:\/\/europeix.cat\/fr\/author\/eu-administrador\/\"}]}<\/script>\n<!-- \/ Yoast SEO plugin. -->","yoast_head_json":{"title":"SEAFOOD EXPO GLOBAL BARCELONA 2024 - EUROPEIX","robots":{"index":"index","follow":"follow","max-snippet":"max-snippet:-1","max-image-preview":"max-image-preview:large","max-video-preview":"max-video-preview:-1"},"canonical":"https:\/\/europeix.cat\/fr\/seafood-expo-global-barcelona-2024\/","twitter_misc":{"\u00c9crit par":"eu-administrador","Dur\u00e9e de lecture estim\u00e9e":"1 minute"},"schema":{"@context":"https:\/\/schema.org","@graph":[{"@type":"WebPage","@id":"https:\/\/europeix.cat\/fr\/seafood-expo-global-barcelona-2024\/","url":"https:\/\/europeix.cat\/fr\/seafood-expo-global-barcelona-2024\/","name":"SEAFOOD EXPO GLOBAL BARCELONA 2024 - EUROPEIX","isPartOf":{"@id":"https:\/\/europeix.cat\/#website"},"datePublished":"2024-03-20T07:22:56+00:00","dateModified":"2024-03-20T07:23:00+00:00","author":{"@id":"https:\/\/europeix.cat\/#\/schema\/person\/6ce044746279a2398222990a6bd7dfab"},"breadcrumb":{"@id":"https:\/\/europeix.cat\/fr\/seafood-expo-global-barcelona-2024\/#breadcrumb"},"inLanguage":"fr-FR","potentialAction":[{"@type":"ReadAction","target":["https:\/\/europeix.cat\/fr\/seafood-expo-global-barcelona-2024\/"]}]},{"@type":"BreadcrumbList","@id":"https:\/\/europeix.cat\/fr\/seafood-expo-global-barcelona-2024\/#breadcrumb","itemListElement":[{"@type":"ListItem","position":1,"name":"Portada","item":"https:\/\/europeix.cat\/fr\/accueil\/"},{"@type":"ListItem","position":2,"name":"SEAFOOD EXPO GLOBAL BARCELONA 2024"}]},{"@type":"WebSite","@id":"https:\/\/europeix.cat\/#website","url":"https:\/\/europeix.cat\/","name":"EUROPEIX","description":"EUROPEIX","potentialAction":[{"@type":"SearchAction","target":{"@type":"EntryPoint","urlTemplate":"https:\/\/europeix.cat\/?s={search_term_string}"},"query-input":"required name=search_term_string"}],"inLanguage":"fr-FR"},{"@type":"Person","@id":"https:\/\/europeix.cat\/#\/schema\/person\/6ce044746279a2398222990a6bd7dfab","name":"eu-administrador","url":"https:\/\/europeix.cat\/fr\/author\/eu-administrador\/"}]}},"_links":{"self":[{"href":"https:\/\/europeix.cat\/fr\/wp-json\/wp\/v2\/posts\/2583"}],"collection":[{"href":"https:\/\/europeix.cat\/fr\/wp-json\/wp\/v2\/posts"}],"about":[{"href":"https:\/\/europeix.cat\/fr\/wp-json\/wp\/v2\/types\/post"}],"author":[{"embeddable":true,"href":"https:\/\/europeix.cat\/fr\/wp-json\/wp\/v2\/users\/2"}],"replies":[{"embeddable":true,"href":"https:\/\/europeix.cat\/fr\/wp-json\/wp\/v2\/comments?post=2583"}],"version-history":[{"count":1,"href":"https:\/\/europeix.cat\/fr\/wp-json\/wp\/v2\/posts\/2583\/revisions"}],"predecessor-version":[{"id":2589,"href":"https:\/\/europeix.cat\/fr\/wp-json\/wp\/v2\/posts\/2583\/revisions\/2589"}],"wp:featuredmedia":[{"embeddable":true,"href":"https:\/\/europeix.cat\/fr\/wp-json\/wp\/v2\/media\/2564"}],"wp:attachment":[{"href":"https:\/\/europeix.cat\/fr\/wp-json\/wp\/v2\/media?parent=2583"}],"wp:term":[{"taxonomy":"category","embeddable":true,"href":"https:\/\/europeix.cat\/fr\/wp-json\/wp\/v2\/categories?post=2583"},{"taxonomy":"post_tag","embeddable":true,"href":"https:\/\/europeix.cat\/fr\/wp-json\/wp\/v2\/tags?post=2583"}],"curies":[{"name":"wp","href":"https:\/\/api.w.org\/{rel}","templated":true}]}}