{"id":1154,"date":"2023-02-17T10:07:51","date_gmt":"2023-02-17T09:07:51","guid":{"rendered":"https:\/\/europeix.cat\/aturen-la-pesca-de-sonso-dos-mesos-abans-del-previst-per-falta-de-captures\/"},"modified":"2024-11-13T10:06:45","modified_gmt":"2024-11-13T09:06:45","slug":"aturen-la-pesca-de-sonso-dos-mesos-abans-del-previst-per-falta-de-captures","status":"publish","type":"post","link":"https:\/\/europeix.cat\/fr\/aturen-la-pesca-de-sonso-dos-mesos-abans-del-previst-per-falta-de-captures\/","title":{"rendered":"Aturen la pesca de sonso dos mesos abans del previst per falta de captures"},"content":{"rendered":"\n<p><strong>La situaci\u00f3 afecta m\u00e9s d&rsquo;una vintena d&#8217;embarcacions<\/strong><\/p>\n\n\n\n<p>La<strong>&nbsp;Direcci\u00f3 General de Pol\u00edtica Mar\u00edtima i Pesca Sostenible<\/strong>&nbsp;ha aturat la<strong>&nbsp;pesquera de sonso<\/strong>&nbsp;dos mesos abans de la data prevista de finalitzaci\u00f3 de la campanya d&rsquo;enguany. El motiu:<strong>&nbsp;l&rsquo;escassa captura d&rsquo;aquesta esp\u00e8cie arreu del litoral catal\u00e0<\/strong>. La decisi\u00f3 afecta m\u00e9s d&rsquo;una vintena d&#8217;embarcacions \u2013la majoria de les comarques gironines- i s&rsquo;ha pres d&rsquo;acord amb el sector pesquer. De fet, fa pocs dies ja es va retirar el perm\u00eds especial per a aquesta pesca regulada a tres embarcacions del cens per petici\u00f3 \u00ab\u00a0expressa\u00a0\u00bb dels propis amarradors arran de la reducci\u00f3 de captures de \u00ab\u00a0manera dr\u00e0stica\u00a0\u00bb, fins al punt de no tenir-ne cap i, per tant, \u00ab\u00a0fer insostenible el manteniment\u00a0\u00bb.<\/p>\n\n\n\n<p>La pesquera del sonso i de la lleng\u00fceta a Catalunya est\u00e0 sotmesa a un pla de cogesti\u00f3 que busca garantir-ne la pesca a trav\u00e9s d&rsquo;un sistema de regulaci\u00f3. El pla estableix un per\u00edode de veda i un de pesca, que&nbsp;<strong>cada any va de l&rsquo;1 de mar\u00e7 al 15 de desembre (en el cas del sonso) i del 16 de desembre al 30 d&rsquo;abril (per la lleng\u00fceta)<\/strong>. La direcci\u00f3 general de Pesca renova cada any els permisos especials de pesca a les embarcacions incloses al cens espec\u00edfic d&rsquo;aquesta modalitat i fixa unes quotes a partir de les quals es prendran les decisions.<\/p>\n\n\n\n<p>En concret, estableix que si no s&rsquo;arriba al 75% de la quota, es disminuir\u00e0 a la meitat el mes seg\u00fcent i que, si no s&rsquo;arriba a aquest 50%, el mes seg\u00fcent es tancar\u00e0 la pesquera. L&rsquo;escassedat de sonso ja es va notar l&rsquo;any passat, expliquen des del sector. Tant \u00e9s aix\u00ed que l&rsquo;1 de mar\u00e7 \u2013just quan havia de comen\u00e7ar la campanya de pesca- el&nbsp;<strong>Comit\u00e8 de Cogesti\u00f3 de la Modalitat de la Sonsera (CCMS)<\/strong>, integrada tamb\u00e9 pel sector i la comunitat cient\u00edfica, va acordar prorrogar el per\u00edode de veda a l&rsquo;espera que els mostrejos i les deteccions garantissin una pres\u00e8ncia suficient d&rsquo;aquesta esp\u00e8cia per poder comen\u00e7ar la temporada \u00ab\u00a0amb garanties\u00a0\u00bb.<\/p>\n\n\n\n<p>El per\u00edode de veda es va allargar fins al 29 de mar\u00e7 i, a dos mesos de tancar-se la campanya d&rsquo;enguany, s&rsquo;ha aturat la pesca d&rsquo;aquesta esp\u00e8cie per falta de captures. De fet, el 19 d&rsquo;octubre, la direcci\u00f3 ja va retirar el perm\u00eds especial a tres de les m\u00e9s de vint embarcacions que s&rsquo;hi dediquen per la davallada de les captures. Van ser els propis amarradors els que van demanar-ho.<\/p>\n\n\n\n<p>A la resoluci\u00f3 de la Generalitat, es detalla que \u00ab\u00a0un cop contrastada la quota esperada amb la quota assolida durant els 30 \u00faltims dies, s&rsquo;ha comprovat que l&rsquo;\u00e8xit \u00e9s nom\u00e9s del 42,5% de la quota esperada\u00a0\u00bb i que amb l&rsquo;an\u00e0lisi dels \u00faltims 15 dies, el percentatge d&rsquo;\u00e8xit arriba nom\u00e9s al 18,1% respecte de la quota esperada. Una xifres que no permeten continuar amb la pesca d&rsquo;aquesta esp\u00e8cie. El gerent de la confraria de Blanes,&nbsp;<strong>Xavier Dom\u00e8nech<\/strong>, assegura, per\u00f2, que aquesta situaci\u00f3 no \u00e9s nova. \u00ab\u00a0Hem tingut anys molt bons, com el 2018, per\u00f2 aix\u00f2 ja va passar l&rsquo;any 2016\u00a0\u00bb, explica. El gerent de la confraria de Blanes atribueix la situaci\u00f3 a m\u00faltiples factors.<\/p>\n\n\n\n<p>Entre ells, el temporal Gl\u00f2ria per\u00f2 tamb\u00e9 al canvi clim\u00e0tic. \u00ab\u00a0Hem de tenir en compte que \u00e9s una esp\u00e8cie que es troba molt a prop de la costa i est\u00e0 molt m\u00e9s exposada a tots aquests factors\u00a0\u00bb, detalla el gerent. Dom\u00e8nech, de fet, admet que possiblement aquests episodis seran cada vegada m\u00e9s recurrents i que no nom\u00e9s est\u00e0 en mans del sector pesquer revertir la situaci\u00f3. \u00ab\u00a0Tothom hi ha de fer coses\u00a0\u00bb, insisteix.<\/p>\n\n\n\n<h2 class=\"wp-block-heading\">De l&rsquo;Estartit a Badalona<\/h2>\n\n\n\n<p>La regulaci\u00f3 de la pesquera de sonso compta amb un cens de 23 embarcacions que van des del port de l&rsquo;Estartit fins a Badalona. La majoria, per\u00f2, es concentren a les comarques gironines amb Blanes com a poblaci\u00f3 m\u00e9s afectada. Aqu\u00ed hi ha set embarcacions que compten amb aquest perm\u00eds i que ara, o b\u00e9 es dedicaran a la pesca de la lleng\u00fceta o a altres arts menors, o b\u00e9 directament hauran d&rsquo;aturar la seva activitat perqu\u00e8 s&rsquo;han especialitzat en aquesta modalitat.<\/p>\n\n\n\n<p>Fuente: www.emporda.info<\/p>\n","protected":false},"excerpt":{"rendered":"<p>La situaci\u00f3 afecta m\u00e9s d&rsquo;una vintena d&#8217;embarcacions La&nbsp;Direcci\u00f3 General de Pol\u00edtica Mar\u00edtima i Pesca Sostenible&nbsp;ha aturat la&nbsp;pesquera de sonso&nbsp;dos mesos abans de la data prevista de finalitzaci\u00f3 de la campanya d&rsquo;enguany. El motiu:&nbsp;l&rsquo;escassa captura d&rsquo;aquesta esp\u00e8cie arreu del litoral catal\u00e0. La decisi\u00f3 afecta m\u00e9s d&rsquo;una vintena d&#8217;embarcacions \u2013la majoria de les comarques gironines- i s&rsquo;ha [&hellip;]<\/p>\n","protected":false},"author":2,"featured_media":1126,"comment_status":"closed","ping_status":"closed","sticky":false,"template":"","format":"standard","meta":[],"categories":[26],"tags":[],"yoast_head":"<!-- This site is optimized with the Yoast SEO plugin v20.9 - https:\/\/yoast.com\/wordpress\/plugins\/seo\/ -->\n<title>Aturen la pesca de sonso dos mesos abans del previst per falta de captures - EUROPEIX<\/title>\n<meta name=\"robots\" content=\"index, follow, max-snippet:-1, max-image-preview:large, max-video-preview:-1\" \/>\n<link rel=\"canonical\" href=\"https:\/\/europeix.cat\/fr\/aturen-la-pesca-de-sonso-dos-mesos-abans-del-previst-per-falta-de-captures\/\" \/>\n<meta name=\"twitter:label1\" content=\"\u00c9crit par\" \/>\n\t<meta name=\"twitter:data1\" content=\"eu-administrador\" \/>\n\t<meta name=\"twitter:label2\" content=\"Dur\u00e9e de lecture estim\u00e9e\" \/>\n\t<meta name=\"twitter:data2\" content=\"4 minutes\" \/>\n<script type=\"application\/ld+json\" class=\"yoast-schema-graph\">{\"@context\":\"https:\/\/schema.org\",\"@graph\":[{\"@type\":\"WebPage\",\"@id\":\"https:\/\/europeix.cat\/fr\/aturen-la-pesca-de-sonso-dos-mesos-abans-del-previst-per-falta-de-captures\/\",\"url\":\"https:\/\/europeix.cat\/fr\/aturen-la-pesca-de-sonso-dos-mesos-abans-del-previst-per-falta-de-captures\/\",\"name\":\"Aturen la pesca de sonso dos mesos abans del previst per falta de captures - EUROPEIX\",\"isPartOf\":{\"@id\":\"https:\/\/europeix.cat\/#website\"},\"datePublished\":\"2023-02-17T09:07:51+00:00\",\"dateModified\":\"2024-11-13T09:06:45+00:00\",\"author\":{\"@id\":\"https:\/\/europeix.cat\/#\/schema\/person\/6ce044746279a2398222990a6bd7dfab\"},\"breadcrumb\":{\"@id\":\"https:\/\/europeix.cat\/fr\/aturen-la-pesca-de-sonso-dos-mesos-abans-del-previst-per-falta-de-captures\/#breadcrumb\"},\"inLanguage\":\"fr-FR\",\"potentialAction\":[{\"@type\":\"ReadAction\",\"target\":[\"https:\/\/europeix.cat\/fr\/aturen-la-pesca-de-sonso-dos-mesos-abans-del-previst-per-falta-de-captures\/\"]}]},{\"@type\":\"BreadcrumbList\",\"@id\":\"https:\/\/europeix.cat\/fr\/aturen-la-pesca-de-sonso-dos-mesos-abans-del-previst-per-falta-de-captures\/#breadcrumb\",\"itemListElement\":[{\"@type\":\"ListItem\",\"position\":1,\"name\":\"Portada\",\"item\":\"https:\/\/europeix.cat\/fr\/accueil\/\"},{\"@type\":\"ListItem\",\"position\":2,\"name\":\"Aturen la pesca de sonso dos mesos abans del previst per falta de captures\"}]},{\"@type\":\"WebSite\",\"@id\":\"https:\/\/europeix.cat\/#website\",\"url\":\"https:\/\/europeix.cat\/\",\"name\":\"EUROPEIX\",\"description\":\"EUROPEIX\",\"potentialAction\":[{\"@type\":\"SearchAction\",\"target\":{\"@type\":\"EntryPoint\",\"urlTemplate\":\"https:\/\/europeix.cat\/?s={search_term_string}\"},\"query-input\":\"required name=search_term_string\"}],\"inLanguage\":\"fr-FR\"},{\"@type\":\"Person\",\"@id\":\"https:\/\/europeix.cat\/#\/schema\/person\/6ce044746279a2398222990a6bd7dfab\",\"name\":\"eu-administrador\",\"url\":\"https:\/\/europeix.cat\/fr\/author\/eu-administrador\/\"}]}<\/script>\n<!-- \/ Yoast SEO plugin. -->","yoast_head_json":{"title":"Aturen la pesca de sonso dos mesos abans del previst per falta de captures - EUROPEIX","robots":{"index":"index","follow":"follow","max-snippet":"max-snippet:-1","max-image-preview":"max-image-preview:large","max-video-preview":"max-video-preview:-1"},"canonical":"https:\/\/europeix.cat\/fr\/aturen-la-pesca-de-sonso-dos-mesos-abans-del-previst-per-falta-de-captures\/","twitter_misc":{"\u00c9crit par":"eu-administrador","Dur\u00e9e de lecture estim\u00e9e":"4 minutes"},"schema":{"@context":"https:\/\/schema.org","@graph":[{"@type":"WebPage","@id":"https:\/\/europeix.cat\/fr\/aturen-la-pesca-de-sonso-dos-mesos-abans-del-previst-per-falta-de-captures\/","url":"https:\/\/europeix.cat\/fr\/aturen-la-pesca-de-sonso-dos-mesos-abans-del-previst-per-falta-de-captures\/","name":"Aturen la pesca de sonso dos mesos abans del previst per falta de captures - EUROPEIX","isPartOf":{"@id":"https:\/\/europeix.cat\/#website"},"datePublished":"2023-02-17T09:07:51+00:00","dateModified":"2024-11-13T09:06:45+00:00","author":{"@id":"https:\/\/europeix.cat\/#\/schema\/person\/6ce044746279a2398222990a6bd7dfab"},"breadcrumb":{"@id":"https:\/\/europeix.cat\/fr\/aturen-la-pesca-de-sonso-dos-mesos-abans-del-previst-per-falta-de-captures\/#breadcrumb"},"inLanguage":"fr-FR","potentialAction":[{"@type":"ReadAction","target":["https:\/\/europeix.cat\/fr\/aturen-la-pesca-de-sonso-dos-mesos-abans-del-previst-per-falta-de-captures\/"]}]},{"@type":"BreadcrumbList","@id":"https:\/\/europeix.cat\/fr\/aturen-la-pesca-de-sonso-dos-mesos-abans-del-previst-per-falta-de-captures\/#breadcrumb","itemListElement":[{"@type":"ListItem","position":1,"name":"Portada","item":"https:\/\/europeix.cat\/fr\/accueil\/"},{"@type":"ListItem","position":2,"name":"Aturen la pesca de sonso dos mesos abans del previst per falta de captures"}]},{"@type":"WebSite","@id":"https:\/\/europeix.cat\/#website","url":"https:\/\/europeix.cat\/","name":"EUROPEIX","description":"EUROPEIX","potentialAction":[{"@type":"SearchAction","target":{"@type":"EntryPoint","urlTemplate":"https:\/\/europeix.cat\/?s={search_term_string}"},"query-input":"required name=search_term_string"}],"inLanguage":"fr-FR"},{"@type":"Person","@id":"https:\/\/europeix.cat\/#\/schema\/person\/6ce044746279a2398222990a6bd7dfab","name":"eu-administrador","url":"https:\/\/europeix.cat\/fr\/author\/eu-administrador\/"}]}},"_links":{"self":[{"href":"https:\/\/europeix.cat\/fr\/wp-json\/wp\/v2\/posts\/1154"}],"collection":[{"href":"https:\/\/europeix.cat\/fr\/wp-json\/wp\/v2\/posts"}],"about":[{"href":"https:\/\/europeix.cat\/fr\/wp-json\/wp\/v2\/types\/post"}],"author":[{"embeddable":true,"href":"https:\/\/europeix.cat\/fr\/wp-json\/wp\/v2\/users\/2"}],"replies":[{"embeddable":true,"href":"https:\/\/europeix.cat\/fr\/wp-json\/wp\/v2\/comments?post=1154"}],"version-history":[{"count":1,"href":"https:\/\/europeix.cat\/fr\/wp-json\/wp\/v2\/posts\/1154\/revisions"}],"predecessor-version":[{"id":3629,"href":"https:\/\/europeix.cat\/fr\/wp-json\/wp\/v2\/posts\/1154\/revisions\/3629"}],"wp:featuredmedia":[{"embeddable":true,"href":"https:\/\/europeix.cat\/fr\/wp-json\/wp\/v2\/media\/1126"}],"wp:attachment":[{"href":"https:\/\/europeix.cat\/fr\/wp-json\/wp\/v2\/media?parent=1154"}],"wp:term":[{"taxonomy":"category","embeddable":true,"href":"https:\/\/europeix.cat\/fr\/wp-json\/wp\/v2\/categories?post=1154"},{"taxonomy":"post_tag","embeddable":true,"href":"https:\/\/europeix.cat\/fr\/wp-json\/wp\/v2\/tags?post=1154"}],"curies":[{"name":"wp","href":"https:\/\/api.w.org\/{rel}","templated":true}]}}