{"id":1150,"date":"2023-02-17T10:07:54","date_gmt":"2023-02-17T09:07:54","guid":{"rendered":"https:\/\/europeix.cat\/ajuts-per-compensar-la-reduccio-de-dies-de-pesca-al-mediterra\/"},"modified":"2024-11-13T10:05:53","modified_gmt":"2024-11-13T09:05:53","slug":"ajuts-per-compensar-la-reduccio-de-dies-de-pesca-al-mediterra","status":"publish","type":"post","link":"https:\/\/europeix.cat\/fr\/ajuts-per-compensar-la-reduccio-de-dies-de-pesca-al-mediterra\/","title":{"rendered":"Ajuts per compensar la reducci\u00f3 de dies de pesca al Mediterr\u00e0"},"content":{"rendered":"\n<p><strong>El Ministeri d&rsquo;Agricultura, Pesca i Alimentaci\u00f3 habilitar\u00e0 un sistema d&rsquo;ajuts per compensar la reducci\u00f3 de dies de pesca al Mediterr\u00e0 aplicada per la Uni\u00f3 Europea<\/strong><\/p>\n\n\n\n<p><\/p>\n","protected":false},"excerpt":{"rendered":"<p>El Ministeri d&rsquo;Agricultura, Pesca i Alimentaci\u00f3 habilitar\u00e0 un sistema d&rsquo;ajuts per compensar la reducci\u00f3 de dies de pesca al Mediterr\u00e0 aplicada per la Uni\u00f3 Europea<\/p>\n","protected":false},"author":2,"featured_media":1122,"comment_status":"closed","ping_status":"closed","sticky":false,"template":"","format":"standard","meta":[],"categories":[26],"tags":[],"yoast_head":"<!-- This site is optimized with the Yoast SEO plugin v20.9 - https:\/\/yoast.com\/wordpress\/plugins\/seo\/ -->\n<title>Ajuts per compensar la reducci\u00f3 de dies de pesca al Mediterr\u00e0 - EUROPEIX<\/title>\n<meta name=\"robots\" content=\"index, follow, max-snippet:-1, max-image-preview:large, max-video-preview:-1\" \/>\n<link rel=\"canonical\" href=\"https:\/\/europeix.cat\/fr\/ajuts-per-compensar-la-reduccio-de-dies-de-pesca-al-mediterra\/\" \/>\n<meta name=\"twitter:label1\" content=\"\u00c9crit par\" \/>\n\t<meta name=\"twitter:data1\" content=\"eu-administrador\" \/>\n<script type=\"application\/ld+json\" class=\"yoast-schema-graph\">{\"@context\":\"https:\/\/schema.org\",\"@graph\":[{\"@type\":\"WebPage\",\"@id\":\"https:\/\/europeix.cat\/fr\/ajuts-per-compensar-la-reduccio-de-dies-de-pesca-al-mediterra\/\",\"url\":\"https:\/\/europeix.cat\/fr\/ajuts-per-compensar-la-reduccio-de-dies-de-pesca-al-mediterra\/\",\"name\":\"Ajuts per compensar la reducci\u00f3 de dies de pesca al Mediterr\u00e0 - EUROPEIX\",\"isPartOf\":{\"@id\":\"https:\/\/europeix.cat\/#website\"},\"datePublished\":\"2023-02-17T09:07:54+00:00\",\"dateModified\":\"2024-11-13T09:05:53+00:00\",\"author\":{\"@id\":\"https:\/\/europeix.cat\/#\/schema\/person\/6ce044746279a2398222990a6bd7dfab\"},\"breadcrumb\":{\"@id\":\"https:\/\/europeix.cat\/fr\/ajuts-per-compensar-la-reduccio-de-dies-de-pesca-al-mediterra\/#breadcrumb\"},\"inLanguage\":\"fr-FR\",\"potentialAction\":[{\"@type\":\"ReadAction\",\"target\":[\"https:\/\/europeix.cat\/fr\/ajuts-per-compensar-la-reduccio-de-dies-de-pesca-al-mediterra\/\"]}]},{\"@type\":\"BreadcrumbList\",\"@id\":\"https:\/\/europeix.cat\/fr\/ajuts-per-compensar-la-reduccio-de-dies-de-pesca-al-mediterra\/#breadcrumb\",\"itemListElement\":[{\"@type\":\"ListItem\",\"position\":1,\"name\":\"Portada\",\"item\":\"https:\/\/europeix.cat\/fr\/accueil\/\"},{\"@type\":\"ListItem\",\"position\":2,\"name\":\"Ajuts per compensar la reducci\u00f3 de dies de pesca al Mediterr\u00e0\"}]},{\"@type\":\"WebSite\",\"@id\":\"https:\/\/europeix.cat\/#website\",\"url\":\"https:\/\/europeix.cat\/\",\"name\":\"EUROPEIX\",\"description\":\"EUROPEIX\",\"potentialAction\":[{\"@type\":\"SearchAction\",\"target\":{\"@type\":\"EntryPoint\",\"urlTemplate\":\"https:\/\/europeix.cat\/?s={search_term_string}\"},\"query-input\":\"required name=search_term_string\"}],\"inLanguage\":\"fr-FR\"},{\"@type\":\"Person\",\"@id\":\"https:\/\/europeix.cat\/#\/schema\/person\/6ce044746279a2398222990a6bd7dfab\",\"name\":\"eu-administrador\",\"url\":\"https:\/\/europeix.cat\/fr\/author\/eu-administrador\/\"}]}<\/script>\n<!-- \/ Yoast SEO plugin. -->","yoast_head_json":{"title":"Ajuts per compensar la reducci\u00f3 de dies de pesca al Mediterr\u00e0 - EUROPEIX","robots":{"index":"index","follow":"follow","max-snippet":"max-snippet:-1","max-image-preview":"max-image-preview:large","max-video-preview":"max-video-preview:-1"},"canonical":"https:\/\/europeix.cat\/fr\/ajuts-per-compensar-la-reduccio-de-dies-de-pesca-al-mediterra\/","twitter_misc":{"\u00c9crit par":"eu-administrador"},"schema":{"@context":"https:\/\/schema.org","@graph":[{"@type":"WebPage","@id":"https:\/\/europeix.cat\/fr\/ajuts-per-compensar-la-reduccio-de-dies-de-pesca-al-mediterra\/","url":"https:\/\/europeix.cat\/fr\/ajuts-per-compensar-la-reduccio-de-dies-de-pesca-al-mediterra\/","name":"Ajuts per compensar la reducci\u00f3 de dies de pesca al Mediterr\u00e0 - EUROPEIX","isPartOf":{"@id":"https:\/\/europeix.cat\/#website"},"datePublished":"2023-02-17T09:07:54+00:00","dateModified":"2024-11-13T09:05:53+00:00","author":{"@id":"https:\/\/europeix.cat\/#\/schema\/person\/6ce044746279a2398222990a6bd7dfab"},"breadcrumb":{"@id":"https:\/\/europeix.cat\/fr\/ajuts-per-compensar-la-reduccio-de-dies-de-pesca-al-mediterra\/#breadcrumb"},"inLanguage":"fr-FR","potentialAction":[{"@type":"ReadAction","target":["https:\/\/europeix.cat\/fr\/ajuts-per-compensar-la-reduccio-de-dies-de-pesca-al-mediterra\/"]}]},{"@type":"BreadcrumbList","@id":"https:\/\/europeix.cat\/fr\/ajuts-per-compensar-la-reduccio-de-dies-de-pesca-al-mediterra\/#breadcrumb","itemListElement":[{"@type":"ListItem","position":1,"name":"Portada","item":"https:\/\/europeix.cat\/fr\/accueil\/"},{"@type":"ListItem","position":2,"name":"Ajuts per compensar la reducci\u00f3 de dies de pesca al Mediterr\u00e0"}]},{"@type":"WebSite","@id":"https:\/\/europeix.cat\/#website","url":"https:\/\/europeix.cat\/","name":"EUROPEIX","description":"EUROPEIX","potentialAction":[{"@type":"SearchAction","target":{"@type":"EntryPoint","urlTemplate":"https:\/\/europeix.cat\/?s={search_term_string}"},"query-input":"required name=search_term_string"}],"inLanguage":"fr-FR"},{"@type":"Person","@id":"https:\/\/europeix.cat\/#\/schema\/person\/6ce044746279a2398222990a6bd7dfab","name":"eu-administrador","url":"https:\/\/europeix.cat\/fr\/author\/eu-administrador\/"}]}},"_links":{"self":[{"href":"https:\/\/europeix.cat\/fr\/wp-json\/wp\/v2\/posts\/1150"}],"collection":[{"href":"https:\/\/europeix.cat\/fr\/wp-json\/wp\/v2\/posts"}],"about":[{"href":"https:\/\/europeix.cat\/fr\/wp-json\/wp\/v2\/types\/post"}],"author":[{"embeddable":true,"href":"https:\/\/europeix.cat\/fr\/wp-json\/wp\/v2\/users\/2"}],"replies":[{"embeddable":true,"href":"https:\/\/europeix.cat\/fr\/wp-json\/wp\/v2\/comments?post=1150"}],"version-history":[{"count":1,"href":"https:\/\/europeix.cat\/fr\/wp-json\/wp\/v2\/posts\/1150\/revisions"}],"predecessor-version":[{"id":3624,"href":"https:\/\/europeix.cat\/fr\/wp-json\/wp\/v2\/posts\/1150\/revisions\/3624"}],"wp:featuredmedia":[{"embeddable":true,"href":"https:\/\/europeix.cat\/fr\/wp-json\/wp\/v2\/media\/1122"}],"wp:attachment":[{"href":"https:\/\/europeix.cat\/fr\/wp-json\/wp\/v2\/media?parent=1150"}],"wp:term":[{"taxonomy":"category","embeddable":true,"href":"https:\/\/europeix.cat\/fr\/wp-json\/wp\/v2\/categories?post=1150"},{"taxonomy":"post_tag","embeddable":true,"href":"https:\/\/europeix.cat\/fr\/wp-json\/wp\/v2\/tags?post=1150"}],"curies":[{"name":"wp","href":"https:\/\/api.w.org\/{rel}","templated":true}]}}