{"id":3797,"date":"2025-02-05T08:20:12","date_gmt":"2025-02-05T07:20:12","guid":{"rendered":"https:\/\/europeix.cat\/?p=3797"},"modified":"2025-02-05T08:20:14","modified_gmt":"2025-02-05T07:20:14","slug":"%f0%9f%a9%b5europeix-s-a-comprometidos-con-la-solidaridad%f0%9f%8e%97%ef%b8%8f","status":"publish","type":"post","link":"https:\/\/europeix.cat\/es\/%f0%9f%a9%b5europeix-s-a-comprometidos-con-la-solidaridad%f0%9f%8e%97%ef%b8%8f\/","title":{"rendered":"\ud83e\ude75EUROPEIX S.A. comprometidos con la solidaridad\ud83c\udf97\ufe0f"},"content":{"rendered":"\n<p>En Europeix S.A. creemos en el poder de la solidaridad y la responsabilidad social. Por eso, nos enorgullece anunciar nuestra colaboraci\u00f3n con la Asociaci\u00f3n Contra el C\u00e1ncer y el Hospital Sant Joan de D\u00e9u, dos entidades que realizan una labor incre\u00edble ayudando a quienes m\u00e1s lo necesitan.<br>\ud83e\udd1d\u00a1Juntos por un futuro mejor! Seguiremos apoyando iniciativas que marquen la diferencia.<br>\ud83d\ude4f\u00a1Gracias a todos los que hacen posible esta gran labor!<\/p>\n\n\n\n<figure class=\"wp-block-image size-full is-resized\"><img decoding=\"async\" loading=\"lazy\" src=\"https:\/\/europeix.cat\/wp-content\/uploads\/2025\/02\/2.jpg\" alt=\"\" class=\"wp-image-3752\" width=\"432\" height=\"540\" srcset=\"https:\/\/europeix.cat\/wp-content\/uploads\/2025\/02\/2.jpg 1080w, https:\/\/europeix.cat\/wp-content\/uploads\/2025\/02\/2-240x300.jpg 240w, https:\/\/europeix.cat\/wp-content\/uploads\/2025\/02\/2-824x1030.jpg 824w, https:\/\/europeix.cat\/wp-content\/uploads\/2025\/02\/2-768x960.jpg 768w, https:\/\/europeix.cat\/wp-content\/uploads\/2025\/02\/2-564x705.jpg 564w, https:\/\/europeix.cat\/wp-content\/uploads\/2025\/02\/2-450x563.jpg 450w, https:\/\/europeix.cat\/wp-content\/uploads\/2025\/02\/2-600x750.jpg 600w\" sizes=\"(max-width: 432px) 100vw, 432px\" \/><\/figure>\n","protected":false},"excerpt":{"rendered":"<p>En Europeix S.A. creemos en el poder de la solidaridad y la responsabilidad social. Por eso, nos enorgullece anunciar nuestra colaboraci\u00f3n con la Asociaci\u00f3n Contra el C\u00e1ncer y el Hospital Sant Joan de D\u00e9u, dos entidades que realizan una labor incre\u00edble ayudando a quienes m\u00e1s lo necesitan.\ud83e\udd1d\u00a1Juntos por un futuro mejor! Seguiremos apoyando iniciativas que [&hellip;]<\/p>\n","protected":false},"author":2,"featured_media":3759,"comment_status":"closed","ping_status":"closed","sticky":false,"template":"","format":"standard","meta":[],"categories":[24],"tags":[],"yoast_head":"<!-- This site is optimized with the Yoast SEO plugin v20.9 - https:\/\/yoast.com\/wordpress\/plugins\/seo\/ -->\n<title>\ud83e\ude75EUROPEIX S.A. comprometidos con la solidaridad\ud83c\udf97\ufe0f - EUROPEIX<\/title>\n<meta name=\"robots\" content=\"index, follow, max-snippet:-1, max-image-preview:large, max-video-preview:-1\" \/>\n<link rel=\"canonical\" href=\"https:\/\/europeix.cat\/es\/\ud83e\ude75europeix-s-a-comprometidos-con-la-solidaridad\ud83c\udf97\ufe0f\/\" \/>\n<meta name=\"twitter:label1\" content=\"Escrito por\" \/>\n\t<meta name=\"twitter:data1\" content=\"eu-administrador\" \/>\n\t<meta name=\"twitter:label2\" content=\"Tiempo de lectura\" \/>\n\t<meta name=\"twitter:data2\" content=\"1 minuto\" \/>\n<script type=\"application\/ld+json\" class=\"yoast-schema-graph\">{\"@context\":\"https:\/\/schema.org\",\"@graph\":[{\"@type\":\"WebPage\",\"@id\":\"https:\/\/europeix.cat\/es\/%f0%9f%a9%b5europeix-s-a-comprometidos-con-la-solidaridad%f0%9f%8e%97%ef%b8%8f\/\",\"url\":\"https:\/\/europeix.cat\/es\/%f0%9f%a9%b5europeix-s-a-comprometidos-con-la-solidaridad%f0%9f%8e%97%ef%b8%8f\/\",\"name\":\"\ud83e\ude75EUROPEIX S.A. comprometidos con la solidaridad\ud83c\udf97\ufe0f - EUROPEIX\",\"isPartOf\":{\"@id\":\"https:\/\/europeix.cat\/#website\"},\"datePublished\":\"2025-02-05T07:20:12+00:00\",\"dateModified\":\"2025-02-05T07:20:14+00:00\",\"author\":{\"@id\":\"https:\/\/europeix.cat\/#\/schema\/person\/6ce044746279a2398222990a6bd7dfab\"},\"breadcrumb\":{\"@id\":\"https:\/\/europeix.cat\/es\/%f0%9f%a9%b5europeix-s-a-comprometidos-con-la-solidaridad%f0%9f%8e%97%ef%b8%8f\/#breadcrumb\"},\"inLanguage\":\"es\",\"potentialAction\":[{\"@type\":\"ReadAction\",\"target\":[\"https:\/\/europeix.cat\/es\/%f0%9f%a9%b5europeix-s-a-comprometidos-con-la-solidaridad%f0%9f%8e%97%ef%b8%8f\/\"]}]},{\"@type\":\"BreadcrumbList\",\"@id\":\"https:\/\/europeix.cat\/es\/%f0%9f%a9%b5europeix-s-a-comprometidos-con-la-solidaridad%f0%9f%8e%97%ef%b8%8f\/#breadcrumb\",\"itemListElement\":[{\"@type\":\"ListItem\",\"position\":1,\"name\":\"Portada\",\"item\":\"https:\/\/europeix.cat\/es\/inicio\/\"},{\"@type\":\"ListItem\",\"position\":2,\"name\":\"\ud83e\ude75EUROPEIX S.A. comprometidos con la solidaridad\ud83c\udf97\ufe0f\"}]},{\"@type\":\"WebSite\",\"@id\":\"https:\/\/europeix.cat\/#website\",\"url\":\"https:\/\/europeix.cat\/\",\"name\":\"EUROPEIX\",\"description\":\"EUROPEIX\",\"potentialAction\":[{\"@type\":\"SearchAction\",\"target\":{\"@type\":\"EntryPoint\",\"urlTemplate\":\"https:\/\/europeix.cat\/?s={search_term_string}\"},\"query-input\":\"required name=search_term_string\"}],\"inLanguage\":\"es\"},{\"@type\":\"Person\",\"@id\":\"https:\/\/europeix.cat\/#\/schema\/person\/6ce044746279a2398222990a6bd7dfab\",\"name\":\"eu-administrador\",\"url\":\"https:\/\/europeix.cat\/es\/author\/eu-administrador\/\"}]}<\/script>\n<!-- \/ Yoast SEO plugin. -->","yoast_head_json":{"title":"\ud83e\ude75EUROPEIX S.A. comprometidos con la solidaridad\ud83c\udf97\ufe0f - EUROPEIX","robots":{"index":"index","follow":"follow","max-snippet":"max-snippet:-1","max-image-preview":"max-image-preview:large","max-video-preview":"max-video-preview:-1"},"canonical":"https:\/\/europeix.cat\/es\/\ud83e\ude75europeix-s-a-comprometidos-con-la-solidaridad\ud83c\udf97\ufe0f\/","twitter_misc":{"Escrito por":"eu-administrador","Tiempo de lectura":"1 minuto"},"schema":{"@context":"https:\/\/schema.org","@graph":[{"@type":"WebPage","@id":"https:\/\/europeix.cat\/es\/%f0%9f%a9%b5europeix-s-a-comprometidos-con-la-solidaridad%f0%9f%8e%97%ef%b8%8f\/","url":"https:\/\/europeix.cat\/es\/%f0%9f%a9%b5europeix-s-a-comprometidos-con-la-solidaridad%f0%9f%8e%97%ef%b8%8f\/","name":"\ud83e\ude75EUROPEIX S.A. comprometidos con la solidaridad\ud83c\udf97\ufe0f - EUROPEIX","isPartOf":{"@id":"https:\/\/europeix.cat\/#website"},"datePublished":"2025-02-05T07:20:12+00:00","dateModified":"2025-02-05T07:20:14+00:00","author":{"@id":"https:\/\/europeix.cat\/#\/schema\/person\/6ce044746279a2398222990a6bd7dfab"},"breadcrumb":{"@id":"https:\/\/europeix.cat\/es\/%f0%9f%a9%b5europeix-s-a-comprometidos-con-la-solidaridad%f0%9f%8e%97%ef%b8%8f\/#breadcrumb"},"inLanguage":"es","potentialAction":[{"@type":"ReadAction","target":["https:\/\/europeix.cat\/es\/%f0%9f%a9%b5europeix-s-a-comprometidos-con-la-solidaridad%f0%9f%8e%97%ef%b8%8f\/"]}]},{"@type":"BreadcrumbList","@id":"https:\/\/europeix.cat\/es\/%f0%9f%a9%b5europeix-s-a-comprometidos-con-la-solidaridad%f0%9f%8e%97%ef%b8%8f\/#breadcrumb","itemListElement":[{"@type":"ListItem","position":1,"name":"Portada","item":"https:\/\/europeix.cat\/es\/inicio\/"},{"@type":"ListItem","position":2,"name":"\ud83e\ude75EUROPEIX S.A. comprometidos con la solidaridad\ud83c\udf97\ufe0f"}]},{"@type":"WebSite","@id":"https:\/\/europeix.cat\/#website","url":"https:\/\/europeix.cat\/","name":"EUROPEIX","description":"EUROPEIX","potentialAction":[{"@type":"SearchAction","target":{"@type":"EntryPoint","urlTemplate":"https:\/\/europeix.cat\/?s={search_term_string}"},"query-input":"required name=search_term_string"}],"inLanguage":"es"},{"@type":"Person","@id":"https:\/\/europeix.cat\/#\/schema\/person\/6ce044746279a2398222990a6bd7dfab","name":"eu-administrador","url":"https:\/\/europeix.cat\/es\/author\/eu-administrador\/"}]}},"_links":{"self":[{"href":"https:\/\/europeix.cat\/es\/wp-json\/wp\/v2\/posts\/3797"}],"collection":[{"href":"https:\/\/europeix.cat\/es\/wp-json\/wp\/v2\/posts"}],"about":[{"href":"https:\/\/europeix.cat\/es\/wp-json\/wp\/v2\/types\/post"}],"author":[{"embeddable":true,"href":"https:\/\/europeix.cat\/es\/wp-json\/wp\/v2\/users\/2"}],"replies":[{"embeddable":true,"href":"https:\/\/europeix.cat\/es\/wp-json\/wp\/v2\/comments?post=3797"}],"version-history":[{"count":1,"href":"https:\/\/europeix.cat\/es\/wp-json\/wp\/v2\/posts\/3797\/revisions"}],"predecessor-version":[{"id":3798,"href":"https:\/\/europeix.cat\/es\/wp-json\/wp\/v2\/posts\/3797\/revisions\/3798"}],"wp:featuredmedia":[{"embeddable":true,"href":"https:\/\/europeix.cat\/es\/wp-json\/wp\/v2\/media\/3759"}],"wp:attachment":[{"href":"https:\/\/europeix.cat\/es\/wp-json\/wp\/v2\/media?parent=3797"}],"wp:term":[{"taxonomy":"category","embeddable":true,"href":"https:\/\/europeix.cat\/es\/wp-json\/wp\/v2\/categories?post=3797"},{"taxonomy":"post_tag","embeddable":true,"href":"https:\/\/europeix.cat\/es\/wp-json\/wp\/v2\/tags?post=3797"}],"curies":[{"name":"wp","href":"https:\/\/api.w.org\/{rel}","templated":true}]}}