{"id":3208,"date":"2024-08-23T12:07:52","date_gmt":"2024-08-23T10:07:52","guid":{"rendered":"https:\/\/europeix.cat\/?p=3208"},"modified":"2024-08-23T12:07:54","modified_gmt":"2024-08-23T10:07:54","slug":"europeix-s-a-en-la-tutto-food-milano-2025","status":"publish","type":"post","link":"https:\/\/europeix.cat\/es\/europeix-s-a-en-la-tutto-food-milano-2025\/","title":{"rendered":"EUROPEIX S.A. en la Tutto Food Milano 2025"},"content":{"rendered":"\n<p>Estamos encantados de anunciar que Europeix participar\u00e1 en la feria TuttoFood Mil\u00e1n 2025. Ser\u00e1 una gran oportunidad para mostrar nuestros productos y conectar con l\u00edderes del sector alimentario. \u00a1Esperamos contar con vuestra presencia!<\/p>\n\n\n\n<figure class=\"wp-block-image size-full is-resized\"><img decoding=\"async\" loading=\"lazy\" src=\"https:\/\/europeix.cat\/wp-content\/uploads\/2024\/08\/tuttoFoodanunci.jpg\" alt=\"\" class=\"wp-image-3190\" width=\"422\" height=\"422\" srcset=\"https:\/\/europeix.cat\/wp-content\/uploads\/2024\/08\/tuttoFoodanunci.jpg 1080w, https:\/\/europeix.cat\/wp-content\/uploads\/2024\/08\/tuttoFoodanunci-300x300.jpg 300w, https:\/\/europeix.cat\/wp-content\/uploads\/2024\/08\/tuttoFoodanunci-1030x1030.jpg 1030w, https:\/\/europeix.cat\/wp-content\/uploads\/2024\/08\/tuttoFoodanunci-80x80.jpg 80w, https:\/\/europeix.cat\/wp-content\/uploads\/2024\/08\/tuttoFoodanunci-768x768.jpg 768w, https:\/\/europeix.cat\/wp-content\/uploads\/2024\/08\/tuttoFoodanunci-36x36.jpg 36w, https:\/\/europeix.cat\/wp-content\/uploads\/2024\/08\/tuttoFoodanunci-180x180.jpg 180w, https:\/\/europeix.cat\/wp-content\/uploads\/2024\/08\/tuttoFoodanunci-705x705.jpg 705w, https:\/\/europeix.cat\/wp-content\/uploads\/2024\/08\/tuttoFoodanunci-120x120.jpg 120w, https:\/\/europeix.cat\/wp-content\/uploads\/2024\/08\/tuttoFoodanunci-450x450.jpg 450w, https:\/\/europeix.cat\/wp-content\/uploads\/2024\/08\/tuttoFoodanunci-600x600.jpg 600w, https:\/\/europeix.cat\/wp-content\/uploads\/2024\/08\/tuttoFoodanunci-100x100.jpg 100w\" sizes=\"(max-width: 422px) 100vw, 422px\" \/><\/figure>\n","protected":false},"excerpt":{"rendered":"<p>Estamos encantados de anunciar que Europeix participar\u00e1 en la feria TuttoFood Mil\u00e1n 2025. Ser\u00e1 una gran oportunidad para mostrar nuestros productos y conectar con l\u00edderes del sector alimentario. \u00a1Esperamos contar con vuestra presencia!<\/p>\n","protected":false},"author":2,"featured_media":3200,"comment_status":"closed","ping_status":"closed","sticky":false,"template":"","format":"standard","meta":[],"categories":[24],"tags":[],"yoast_head":"<!-- This site is optimized with the Yoast SEO plugin v20.9 - https:\/\/yoast.com\/wordpress\/plugins\/seo\/ -->\n<title>EUROPEIX S.A. en la Tutto Food Milano 2025 - EUROPEIX<\/title>\n<meta name=\"robots\" content=\"index, follow, max-snippet:-1, max-image-preview:large, max-video-preview:-1\" \/>\n<link rel=\"canonical\" href=\"https:\/\/europeix.cat\/es\/europeix-s-a-en-la-tutto-food-milano-2025\/\" \/>\n<meta name=\"twitter:label1\" content=\"Escrito por\" \/>\n\t<meta name=\"twitter:data1\" content=\"eu-administrador\" \/>\n\t<meta name=\"twitter:label2\" content=\"Tiempo de lectura\" \/>\n\t<meta name=\"twitter:data2\" content=\"1 minuto\" \/>\n<script type=\"application\/ld+json\" class=\"yoast-schema-graph\">{\"@context\":\"https:\/\/schema.org\",\"@graph\":[{\"@type\":\"WebPage\",\"@id\":\"https:\/\/europeix.cat\/es\/europeix-s-a-en-la-tutto-food-milano-2025\/\",\"url\":\"https:\/\/europeix.cat\/es\/europeix-s-a-en-la-tutto-food-milano-2025\/\",\"name\":\"EUROPEIX S.A. en la Tutto Food Milano 2025 - EUROPEIX\",\"isPartOf\":{\"@id\":\"https:\/\/europeix.cat\/#website\"},\"datePublished\":\"2024-08-23T10:07:52+00:00\",\"dateModified\":\"2024-08-23T10:07:54+00:00\",\"author\":{\"@id\":\"https:\/\/europeix.cat\/#\/schema\/person\/6ce044746279a2398222990a6bd7dfab\"},\"breadcrumb\":{\"@id\":\"https:\/\/europeix.cat\/es\/europeix-s-a-en-la-tutto-food-milano-2025\/#breadcrumb\"},\"inLanguage\":\"es\",\"potentialAction\":[{\"@type\":\"ReadAction\",\"target\":[\"https:\/\/europeix.cat\/es\/europeix-s-a-en-la-tutto-food-milano-2025\/\"]}]},{\"@type\":\"BreadcrumbList\",\"@id\":\"https:\/\/europeix.cat\/es\/europeix-s-a-en-la-tutto-food-milano-2025\/#breadcrumb\",\"itemListElement\":[{\"@type\":\"ListItem\",\"position\":1,\"name\":\"Portada\",\"item\":\"https:\/\/europeix.cat\/es\/inicio\/\"},{\"@type\":\"ListItem\",\"position\":2,\"name\":\"EUROPEIX S.A. en la Tutto Food Milano 2025\"}]},{\"@type\":\"WebSite\",\"@id\":\"https:\/\/europeix.cat\/#website\",\"url\":\"https:\/\/europeix.cat\/\",\"name\":\"EUROPEIX\",\"description\":\"EUROPEIX\",\"potentialAction\":[{\"@type\":\"SearchAction\",\"target\":{\"@type\":\"EntryPoint\",\"urlTemplate\":\"https:\/\/europeix.cat\/?s={search_term_string}\"},\"query-input\":\"required name=search_term_string\"}],\"inLanguage\":\"es\"},{\"@type\":\"Person\",\"@id\":\"https:\/\/europeix.cat\/#\/schema\/person\/6ce044746279a2398222990a6bd7dfab\",\"name\":\"eu-administrador\",\"url\":\"https:\/\/europeix.cat\/es\/author\/eu-administrador\/\"}]}<\/script>\n<!-- \/ Yoast SEO plugin. -->","yoast_head_json":{"title":"EUROPEIX S.A. en la Tutto Food Milano 2025 - EUROPEIX","robots":{"index":"index","follow":"follow","max-snippet":"max-snippet:-1","max-image-preview":"max-image-preview:large","max-video-preview":"max-video-preview:-1"},"canonical":"https:\/\/europeix.cat\/es\/europeix-s-a-en-la-tutto-food-milano-2025\/","twitter_misc":{"Escrito por":"eu-administrador","Tiempo de lectura":"1 minuto"},"schema":{"@context":"https:\/\/schema.org","@graph":[{"@type":"WebPage","@id":"https:\/\/europeix.cat\/es\/europeix-s-a-en-la-tutto-food-milano-2025\/","url":"https:\/\/europeix.cat\/es\/europeix-s-a-en-la-tutto-food-milano-2025\/","name":"EUROPEIX S.A. en la Tutto Food Milano 2025 - EUROPEIX","isPartOf":{"@id":"https:\/\/europeix.cat\/#website"},"datePublished":"2024-08-23T10:07:52+00:00","dateModified":"2024-08-23T10:07:54+00:00","author":{"@id":"https:\/\/europeix.cat\/#\/schema\/person\/6ce044746279a2398222990a6bd7dfab"},"breadcrumb":{"@id":"https:\/\/europeix.cat\/es\/europeix-s-a-en-la-tutto-food-milano-2025\/#breadcrumb"},"inLanguage":"es","potentialAction":[{"@type":"ReadAction","target":["https:\/\/europeix.cat\/es\/europeix-s-a-en-la-tutto-food-milano-2025\/"]}]},{"@type":"BreadcrumbList","@id":"https:\/\/europeix.cat\/es\/europeix-s-a-en-la-tutto-food-milano-2025\/#breadcrumb","itemListElement":[{"@type":"ListItem","position":1,"name":"Portada","item":"https:\/\/europeix.cat\/es\/inicio\/"},{"@type":"ListItem","position":2,"name":"EUROPEIX S.A. en la Tutto Food Milano 2025"}]},{"@type":"WebSite","@id":"https:\/\/europeix.cat\/#website","url":"https:\/\/europeix.cat\/","name":"EUROPEIX","description":"EUROPEIX","potentialAction":[{"@type":"SearchAction","target":{"@type":"EntryPoint","urlTemplate":"https:\/\/europeix.cat\/?s={search_term_string}"},"query-input":"required name=search_term_string"}],"inLanguage":"es"},{"@type":"Person","@id":"https:\/\/europeix.cat\/#\/schema\/person\/6ce044746279a2398222990a6bd7dfab","name":"eu-administrador","url":"https:\/\/europeix.cat\/es\/author\/eu-administrador\/"}]}},"_links":{"self":[{"href":"https:\/\/europeix.cat\/es\/wp-json\/wp\/v2\/posts\/3208"}],"collection":[{"href":"https:\/\/europeix.cat\/es\/wp-json\/wp\/v2\/posts"}],"about":[{"href":"https:\/\/europeix.cat\/es\/wp-json\/wp\/v2\/types\/post"}],"author":[{"embeddable":true,"href":"https:\/\/europeix.cat\/es\/wp-json\/wp\/v2\/users\/2"}],"replies":[{"embeddable":true,"href":"https:\/\/europeix.cat\/es\/wp-json\/wp\/v2\/comments?post=3208"}],"version-history":[{"count":1,"href":"https:\/\/europeix.cat\/es\/wp-json\/wp\/v2\/posts\/3208\/revisions"}],"predecessor-version":[{"id":3209,"href":"https:\/\/europeix.cat\/es\/wp-json\/wp\/v2\/posts\/3208\/revisions\/3209"}],"wp:featuredmedia":[{"embeddable":true,"href":"https:\/\/europeix.cat\/es\/wp-json\/wp\/v2\/media\/3200"}],"wp:attachment":[{"href":"https:\/\/europeix.cat\/es\/wp-json\/wp\/v2\/media?parent=3208"}],"wp:term":[{"taxonomy":"category","embeddable":true,"href":"https:\/\/europeix.cat\/es\/wp-json\/wp\/v2\/categories?post=3208"},{"taxonomy":"post_tag","embeddable":true,"href":"https:\/\/europeix.cat\/es\/wp-json\/wp\/v2\/tags?post=3208"}],"curies":[{"name":"wp","href":"https:\/\/api.w.org\/{rel}","templated":true}]}}