{"id":2598,"date":"2024-03-20T08:30:03","date_gmt":"2024-03-20T07:30:03","guid":{"rendered":"https:\/\/europeix.cat\/?p=2598"},"modified":"2024-03-20T08:31:17","modified_gmt":"2024-03-20T07:31:17","slug":"seafood-expo-global-barcelona-2024","status":"publish","type":"post","link":"https:\/\/europeix.cat\/es\/seafood-expo-global-barcelona-2024\/","title":{"rendered":"SEAFOOD EXPO GLOBAL BARCELONA 2024"},"content":{"rendered":"\n<p>Os informamos que este a\u00f1o tambi\u00e9n participaremos en la Seafood Expo Global de Barcelona.<br>Ser\u00eda un placer verle all\u00ed.<br>Si quieren organizar una reuni\u00f3n con nosotros, h\u00e1ganoslo saber a trav\u00e9s de judith@europeix.cat o al +34 654663277 (WhatsApp).<\/p>\n\n\n\n<figure class=\"wp-block-image size-full\"><img decoding=\"async\" loading=\"lazy\" width=\"1122\" height=\"793\" src=\"https:\/\/europeix.cat\/wp-content\/uploads\/2024\/03\/WE-WILL-BE-AT-SEAFOOD-EXPO-BARCELONA-4.gif\" alt=\"We-will-be-at-seafood-expo-barcelona-4\" class=\"wp-image-2599\" \/><\/figure>\n","protected":false},"excerpt":{"rendered":"<p>Os informamos que este a\u00f1o tambi\u00e9n participaremos en la Seafood Expo Global de Barcelona.Ser\u00eda un placer verle all\u00ed.Si quieren organizar una reuni\u00f3n con nosotros, h\u00e1ganoslo saber a trav\u00e9s de judith@europeix.cat o al +34 654663277 (WhatsApp).<\/p>\n","protected":false},"author":2,"featured_media":2566,"comment_status":"closed","ping_status":"closed","sticky":false,"template":"","format":"standard","meta":[],"categories":[24],"tags":[],"yoast_head":"<!-- This site is optimized with the Yoast SEO plugin v20.9 - https:\/\/yoast.com\/wordpress\/plugins\/seo\/ -->\n<title>SEAFOOD EXPO GLOBAL BARCELONA 2024 - EUROPEIX<\/title>\n<meta name=\"robots\" content=\"index, follow, max-snippet:-1, max-image-preview:large, max-video-preview:-1\" \/>\n<link rel=\"canonical\" href=\"https:\/\/europeix.cat\/es\/seafood-expo-global-barcelona-2024\/\" \/>\n<meta name=\"twitter:label1\" content=\"Escrito por\" \/>\n\t<meta name=\"twitter:data1\" content=\"eu-administrador\" \/>\n\t<meta name=\"twitter:label2\" content=\"Tiempo de lectura\" \/>\n\t<meta name=\"twitter:data2\" content=\"1 minuto\" \/>\n<script type=\"application\/ld+json\" class=\"yoast-schema-graph\">{\"@context\":\"https:\/\/schema.org\",\"@graph\":[{\"@type\":\"WebPage\",\"@id\":\"https:\/\/europeix.cat\/es\/seafood-expo-global-barcelona-2024\/\",\"url\":\"https:\/\/europeix.cat\/es\/seafood-expo-global-barcelona-2024\/\",\"name\":\"SEAFOOD EXPO GLOBAL BARCELONA 2024 - EUROPEIX\",\"isPartOf\":{\"@id\":\"https:\/\/europeix.cat\/#website\"},\"datePublished\":\"2024-03-20T07:30:03+00:00\",\"dateModified\":\"2024-03-20T07:31:17+00:00\",\"author\":{\"@id\":\"https:\/\/europeix.cat\/#\/schema\/person\/6ce044746279a2398222990a6bd7dfab\"},\"breadcrumb\":{\"@id\":\"https:\/\/europeix.cat\/es\/seafood-expo-global-barcelona-2024\/#breadcrumb\"},\"inLanguage\":\"es\",\"potentialAction\":[{\"@type\":\"ReadAction\",\"target\":[\"https:\/\/europeix.cat\/es\/seafood-expo-global-barcelona-2024\/\"]}]},{\"@type\":\"BreadcrumbList\",\"@id\":\"https:\/\/europeix.cat\/es\/seafood-expo-global-barcelona-2024\/#breadcrumb\",\"itemListElement\":[{\"@type\":\"ListItem\",\"position\":1,\"name\":\"Portada\",\"item\":\"https:\/\/europeix.cat\/es\/inicio\/\"},{\"@type\":\"ListItem\",\"position\":2,\"name\":\"SEAFOOD EXPO GLOBAL BARCELONA 2024\"}]},{\"@type\":\"WebSite\",\"@id\":\"https:\/\/europeix.cat\/#website\",\"url\":\"https:\/\/europeix.cat\/\",\"name\":\"EUROPEIX\",\"description\":\"EUROPEIX\",\"potentialAction\":[{\"@type\":\"SearchAction\",\"target\":{\"@type\":\"EntryPoint\",\"urlTemplate\":\"https:\/\/europeix.cat\/?s={search_term_string}\"},\"query-input\":\"required name=search_term_string\"}],\"inLanguage\":\"es\"},{\"@type\":\"Person\",\"@id\":\"https:\/\/europeix.cat\/#\/schema\/person\/6ce044746279a2398222990a6bd7dfab\",\"name\":\"eu-administrador\",\"url\":\"https:\/\/europeix.cat\/es\/author\/eu-administrador\/\"}]}<\/script>\n<!-- \/ Yoast SEO plugin. -->","yoast_head_json":{"title":"SEAFOOD EXPO GLOBAL BARCELONA 2024 - EUROPEIX","robots":{"index":"index","follow":"follow","max-snippet":"max-snippet:-1","max-image-preview":"max-image-preview:large","max-video-preview":"max-video-preview:-1"},"canonical":"https:\/\/europeix.cat\/es\/seafood-expo-global-barcelona-2024\/","twitter_misc":{"Escrito por":"eu-administrador","Tiempo de lectura":"1 minuto"},"schema":{"@context":"https:\/\/schema.org","@graph":[{"@type":"WebPage","@id":"https:\/\/europeix.cat\/es\/seafood-expo-global-barcelona-2024\/","url":"https:\/\/europeix.cat\/es\/seafood-expo-global-barcelona-2024\/","name":"SEAFOOD EXPO GLOBAL BARCELONA 2024 - EUROPEIX","isPartOf":{"@id":"https:\/\/europeix.cat\/#website"},"datePublished":"2024-03-20T07:30:03+00:00","dateModified":"2024-03-20T07:31:17+00:00","author":{"@id":"https:\/\/europeix.cat\/#\/schema\/person\/6ce044746279a2398222990a6bd7dfab"},"breadcrumb":{"@id":"https:\/\/europeix.cat\/es\/seafood-expo-global-barcelona-2024\/#breadcrumb"},"inLanguage":"es","potentialAction":[{"@type":"ReadAction","target":["https:\/\/europeix.cat\/es\/seafood-expo-global-barcelona-2024\/"]}]},{"@type":"BreadcrumbList","@id":"https:\/\/europeix.cat\/es\/seafood-expo-global-barcelona-2024\/#breadcrumb","itemListElement":[{"@type":"ListItem","position":1,"name":"Portada","item":"https:\/\/europeix.cat\/es\/inicio\/"},{"@type":"ListItem","position":2,"name":"SEAFOOD EXPO GLOBAL BARCELONA 2024"}]},{"@type":"WebSite","@id":"https:\/\/europeix.cat\/#website","url":"https:\/\/europeix.cat\/","name":"EUROPEIX","description":"EUROPEIX","potentialAction":[{"@type":"SearchAction","target":{"@type":"EntryPoint","urlTemplate":"https:\/\/europeix.cat\/?s={search_term_string}"},"query-input":"required name=search_term_string"}],"inLanguage":"es"},{"@type":"Person","@id":"https:\/\/europeix.cat\/#\/schema\/person\/6ce044746279a2398222990a6bd7dfab","name":"eu-administrador","url":"https:\/\/europeix.cat\/es\/author\/eu-administrador\/"}]}},"_links":{"self":[{"href":"https:\/\/europeix.cat\/es\/wp-json\/wp\/v2\/posts\/2598"}],"collection":[{"href":"https:\/\/europeix.cat\/es\/wp-json\/wp\/v2\/posts"}],"about":[{"href":"https:\/\/europeix.cat\/es\/wp-json\/wp\/v2\/types\/post"}],"author":[{"embeddable":true,"href":"https:\/\/europeix.cat\/es\/wp-json\/wp\/v2\/users\/2"}],"replies":[{"embeddable":true,"href":"https:\/\/europeix.cat\/es\/wp-json\/wp\/v2\/comments?post=2598"}],"version-history":[{"count":1,"href":"https:\/\/europeix.cat\/es\/wp-json\/wp\/v2\/posts\/2598\/revisions"}],"predecessor-version":[{"id":2604,"href":"https:\/\/europeix.cat\/es\/wp-json\/wp\/v2\/posts\/2598\/revisions\/2604"}],"wp:featuredmedia":[{"embeddable":true,"href":"https:\/\/europeix.cat\/es\/wp-json\/wp\/v2\/media\/2566"}],"wp:attachment":[{"href":"https:\/\/europeix.cat\/es\/wp-json\/wp\/v2\/media?parent=2598"}],"wp:term":[{"taxonomy":"category","embeddable":true,"href":"https:\/\/europeix.cat\/es\/wp-json\/wp\/v2\/categories?post=2598"},{"taxonomy":"post_tag","embeddable":true,"href":"https:\/\/europeix.cat\/es\/wp-json\/wp\/v2\/tags?post=2598"}],"curies":[{"name":"wp","href":"https:\/\/api.w.org\/{rel}","templated":true}]}}