{"id":3763,"date":"2025-02-05T08:12:29","date_gmt":"2025-02-05T07:12:29","guid":{"rendered":"https:\/\/europeix.cat\/?p=3763"},"modified":"2025-02-05T08:12:31","modified_gmt":"2025-02-05T07:12:31","slug":"%f0%9f%a9%b5europeix-s-a-committed-to-solidarity-%f0%9f%8e%97%ef%b8%8f","status":"publish","type":"post","link":"https:\/\/europeix.cat\/en\/%f0%9f%a9%b5europeix-s-a-committed-to-solidarity-%f0%9f%8e%97%ef%b8%8f\/","title":{"rendered":"\ud83e\ude75EUROPEIX S.A. committed to solidarity \ud83c\udf97\ufe0f"},"content":{"rendered":"\n<p><\/p>\n\n\n\n<p>At Europeix S.A., we believe in the power of solidarity and social responsibility. That\u2019s why we are proud to announce our collaboration with the Asociaci\u00f3n Contra el C\u00e1ncer and the Hospital Sant Joan de D\u00e9u, two organizations doing incredible work helping those who need it the most.<br>\ud83e\udd1d Together for a better future! We will continue to support initiatives that make a difference.<br>\ud83d\ude4fThanks to everyone who makes this great work possible!<\/p>\n\n\n\n<figure class=\"wp-block-image size-full is-resized\"><img decoding=\"async\" loading=\"lazy\" src=\"https:\/\/europeix.cat\/wp-content\/uploads\/2025\/02\/Ajudans-a-donar-suport-a-aquesta-gran-causa-3.jpg\" alt=\"Ajudans-a-donar-suport-a-aquesta-gran-causa-3\" class=\"wp-image-3769\" width=\"355\" height=\"444\" srcset=\"https:\/\/europeix.cat\/wp-content\/uploads\/2025\/02\/Ajudans-a-donar-suport-a-aquesta-gran-causa-3.jpg 1080w, https:\/\/europeix.cat\/wp-content\/uploads\/2025\/02\/Ajudans-a-donar-suport-a-aquesta-gran-causa-3-240x300.jpg 240w, https:\/\/europeix.cat\/wp-content\/uploads\/2025\/02\/Ajudans-a-donar-suport-a-aquesta-gran-causa-3-824x1030.jpg 824w, https:\/\/europeix.cat\/wp-content\/uploads\/2025\/02\/Ajudans-a-donar-suport-a-aquesta-gran-causa-3-768x960.jpg 768w, https:\/\/europeix.cat\/wp-content\/uploads\/2025\/02\/Ajudans-a-donar-suport-a-aquesta-gran-causa-3-564x705.jpg 564w, https:\/\/europeix.cat\/wp-content\/uploads\/2025\/02\/Ajudans-a-donar-suport-a-aquesta-gran-causa-3-450x563.jpg 450w, https:\/\/europeix.cat\/wp-content\/uploads\/2025\/02\/Ajudans-a-donar-suport-a-aquesta-gran-causa-3-600x750.jpg 600w\" sizes=\"(max-width: 355px) 100vw, 355px\" \/><\/figure>\n","protected":false},"excerpt":{"rendered":"<p>At Europeix S.A., we believe in the power of solidarity and social responsibility. That\u2019s why we are proud to announce our collaboration with the Asociaci\u00f3n Contra el C\u00e1ncer and the Hospital Sant Joan de D\u00e9u, two organizations doing incredible work helping those who need it the most.\ud83e\udd1d Together for a better future! We will continue [&hellip;]<\/p>\n","protected":false},"author":2,"featured_media":3756,"comment_status":"closed","ping_status":"closed","sticky":false,"template":"","format":"standard","meta":[],"categories":[25],"tags":[],"yoast_head":"<!-- This site is optimized with the Yoast SEO plugin v20.9 - https:\/\/yoast.com\/wordpress\/plugins\/seo\/ -->\n<title>\ud83e\ude75EUROPEIX S.A. committed to solidarity \ud83c\udf97\ufe0f - EUROPEIX<\/title>\n<meta name=\"description\" content=\"At Europeix S.A., we believe in the power of solidarity and social responsibility. That\u2019s why we are proud to announce our collaboration with the Asociaci\u00f3n Contra el C\u00e1ncer and the Hospital Sant Joan de D\u00e9u, two organizations doing incredible work helping those who need it the most.\" \/>\n<meta name=\"robots\" content=\"index, follow, max-snippet:-1, max-image-preview:large, max-video-preview:-1\" \/>\n<link rel=\"canonical\" href=\"https:\/\/europeix.cat\/en\/\ud83e\ude75europeix-s-a-committed-to-solidarity-\ud83c\udf97\ufe0f\/\" \/>\n<meta name=\"twitter:label1\" content=\"Written by\" \/>\n\t<meta name=\"twitter:data1\" content=\"eu-administrador\" \/>\n\t<meta name=\"twitter:label2\" content=\"Est. reading time\" \/>\n\t<meta name=\"twitter:data2\" content=\"1 minute\" \/>\n<script type=\"application\/ld+json\" class=\"yoast-schema-graph\">{\"@context\":\"https:\/\/schema.org\",\"@graph\":[{\"@type\":\"WebPage\",\"@id\":\"https:\/\/europeix.cat\/en\/%f0%9f%a9%b5europeix-s-a-committed-to-solidarity-%f0%9f%8e%97%ef%b8%8f\/\",\"url\":\"https:\/\/europeix.cat\/en\/%f0%9f%a9%b5europeix-s-a-committed-to-solidarity-%f0%9f%8e%97%ef%b8%8f\/\",\"name\":\"\ud83e\ude75EUROPEIX S.A. committed to solidarity \ud83c\udf97\ufe0f - EUROPEIX\",\"isPartOf\":{\"@id\":\"https:\/\/europeix.cat\/#website\"},\"datePublished\":\"2025-02-05T07:12:29+00:00\",\"dateModified\":\"2025-02-05T07:12:31+00:00\",\"author\":{\"@id\":\"https:\/\/europeix.cat\/#\/schema\/person\/6ce044746279a2398222990a6bd7dfab\"},\"description\":\"At Europeix S.A., we believe in the power of solidarity and social responsibility. That\u2019s why we are proud to announce our collaboration with the Asociaci\u00f3n Contra el C\u00e1ncer and the Hospital Sant Joan de D\u00e9u, two organizations doing incredible work helping those who need it the most.\",\"breadcrumb\":{\"@id\":\"https:\/\/europeix.cat\/en\/%f0%9f%a9%b5europeix-s-a-committed-to-solidarity-%f0%9f%8e%97%ef%b8%8f\/#breadcrumb\"},\"inLanguage\":\"en-US\",\"potentialAction\":[{\"@type\":\"ReadAction\",\"target\":[\"https:\/\/europeix.cat\/en\/%f0%9f%a9%b5europeix-s-a-committed-to-solidarity-%f0%9f%8e%97%ef%b8%8f\/\"]}]},{\"@type\":\"BreadcrumbList\",\"@id\":\"https:\/\/europeix.cat\/en\/%f0%9f%a9%b5europeix-s-a-committed-to-solidarity-%f0%9f%8e%97%ef%b8%8f\/#breadcrumb\",\"itemListElement\":[{\"@type\":\"ListItem\",\"position\":1,\"name\":\"Portada\",\"item\":\"https:\/\/europeix.cat\/en\/home\/\"},{\"@type\":\"ListItem\",\"position\":2,\"name\":\"\ud83e\ude75EUROPEIX S.A. committed to solidarity \ud83c\udf97\ufe0f\"}]},{\"@type\":\"WebSite\",\"@id\":\"https:\/\/europeix.cat\/#website\",\"url\":\"https:\/\/europeix.cat\/\",\"name\":\"EUROPEIX\",\"description\":\"EUROPEIX\",\"potentialAction\":[{\"@type\":\"SearchAction\",\"target\":{\"@type\":\"EntryPoint\",\"urlTemplate\":\"https:\/\/europeix.cat\/?s={search_term_string}\"},\"query-input\":\"required name=search_term_string\"}],\"inLanguage\":\"en-US\"},{\"@type\":\"Person\",\"@id\":\"https:\/\/europeix.cat\/#\/schema\/person\/6ce044746279a2398222990a6bd7dfab\",\"name\":\"eu-administrador\",\"url\":\"https:\/\/europeix.cat\/en\/author\/eu-administrador\/\"}]}<\/script>\n<!-- \/ Yoast SEO plugin. -->","yoast_head_json":{"title":"\ud83e\ude75EUROPEIX S.A. committed to solidarity \ud83c\udf97\ufe0f - EUROPEIX","description":"At Europeix S.A., we believe in the power of solidarity and social responsibility. That\u2019s why we are proud to announce our collaboration with the Asociaci\u00f3n Contra el C\u00e1ncer and the Hospital Sant Joan de D\u00e9u, two organizations doing incredible work helping those who need it the most.","robots":{"index":"index","follow":"follow","max-snippet":"max-snippet:-1","max-image-preview":"max-image-preview:large","max-video-preview":"max-video-preview:-1"},"canonical":"https:\/\/europeix.cat\/en\/\ud83e\ude75europeix-s-a-committed-to-solidarity-\ud83c\udf97\ufe0f\/","twitter_misc":{"Written by":"eu-administrador","Est. reading time":"1 minute"},"schema":{"@context":"https:\/\/schema.org","@graph":[{"@type":"WebPage","@id":"https:\/\/europeix.cat\/en\/%f0%9f%a9%b5europeix-s-a-committed-to-solidarity-%f0%9f%8e%97%ef%b8%8f\/","url":"https:\/\/europeix.cat\/en\/%f0%9f%a9%b5europeix-s-a-committed-to-solidarity-%f0%9f%8e%97%ef%b8%8f\/","name":"\ud83e\ude75EUROPEIX S.A. committed to solidarity \ud83c\udf97\ufe0f - EUROPEIX","isPartOf":{"@id":"https:\/\/europeix.cat\/#website"},"datePublished":"2025-02-05T07:12:29+00:00","dateModified":"2025-02-05T07:12:31+00:00","author":{"@id":"https:\/\/europeix.cat\/#\/schema\/person\/6ce044746279a2398222990a6bd7dfab"},"description":"At Europeix S.A., we believe in the power of solidarity and social responsibility. That\u2019s why we are proud to announce our collaboration with the Asociaci\u00f3n Contra el C\u00e1ncer and the Hospital Sant Joan de D\u00e9u, two organizations doing incredible work helping those who need it the most.","breadcrumb":{"@id":"https:\/\/europeix.cat\/en\/%f0%9f%a9%b5europeix-s-a-committed-to-solidarity-%f0%9f%8e%97%ef%b8%8f\/#breadcrumb"},"inLanguage":"en-US","potentialAction":[{"@type":"ReadAction","target":["https:\/\/europeix.cat\/en\/%f0%9f%a9%b5europeix-s-a-committed-to-solidarity-%f0%9f%8e%97%ef%b8%8f\/"]}]},{"@type":"BreadcrumbList","@id":"https:\/\/europeix.cat\/en\/%f0%9f%a9%b5europeix-s-a-committed-to-solidarity-%f0%9f%8e%97%ef%b8%8f\/#breadcrumb","itemListElement":[{"@type":"ListItem","position":1,"name":"Portada","item":"https:\/\/europeix.cat\/en\/home\/"},{"@type":"ListItem","position":2,"name":"\ud83e\ude75EUROPEIX S.A. committed to solidarity \ud83c\udf97\ufe0f"}]},{"@type":"WebSite","@id":"https:\/\/europeix.cat\/#website","url":"https:\/\/europeix.cat\/","name":"EUROPEIX","description":"EUROPEIX","potentialAction":[{"@type":"SearchAction","target":{"@type":"EntryPoint","urlTemplate":"https:\/\/europeix.cat\/?s={search_term_string}"},"query-input":"required name=search_term_string"}],"inLanguage":"en-US"},{"@type":"Person","@id":"https:\/\/europeix.cat\/#\/schema\/person\/6ce044746279a2398222990a6bd7dfab","name":"eu-administrador","url":"https:\/\/europeix.cat\/en\/author\/eu-administrador\/"}]}},"_links":{"self":[{"href":"https:\/\/europeix.cat\/en\/wp-json\/wp\/v2\/posts\/3763"}],"collection":[{"href":"https:\/\/europeix.cat\/en\/wp-json\/wp\/v2\/posts"}],"about":[{"href":"https:\/\/europeix.cat\/en\/wp-json\/wp\/v2\/types\/post"}],"author":[{"embeddable":true,"href":"https:\/\/europeix.cat\/en\/wp-json\/wp\/v2\/users\/2"}],"replies":[{"embeddable":true,"href":"https:\/\/europeix.cat\/en\/wp-json\/wp\/v2\/comments?post=3763"}],"version-history":[{"count":1,"href":"https:\/\/europeix.cat\/en\/wp-json\/wp\/v2\/posts\/3763\/revisions"}],"predecessor-version":[{"id":3774,"href":"https:\/\/europeix.cat\/en\/wp-json\/wp\/v2\/posts\/3763\/revisions\/3774"}],"wp:featuredmedia":[{"embeddable":true,"href":"https:\/\/europeix.cat\/en\/wp-json\/wp\/v2\/media\/3756"}],"wp:attachment":[{"href":"https:\/\/europeix.cat\/en\/wp-json\/wp\/v2\/media?parent=3763"}],"wp:term":[{"taxonomy":"category","embeddable":true,"href":"https:\/\/europeix.cat\/en\/wp-json\/wp\/v2\/categories?post=3763"},{"taxonomy":"post_tag","embeddable":true,"href":"https:\/\/europeix.cat\/en\/wp-json\/wp\/v2\/tags?post=3763"}],"curies":[{"name":"wp","href":"https:\/\/api.w.org\/{rel}","templated":true}]}}