{"id":1149,"date":"2023-02-17T10:07:54","date_gmt":"2023-02-17T09:07:54","guid":{"rendered":"https:\/\/europeix.cat\/ajuts-per-compensar-la-reduccio-de-dies-de-pesca-al-mediterra\/"},"modified":"2024-11-13T10:05:52","modified_gmt":"2024-11-13T09:05:52","slug":"ajuts-per-compensar-la-reduccio-de-dies-de-pesca-al-mediterra","status":"publish","type":"post","link":"https:\/\/europeix.cat\/en\/ajuts-per-compensar-la-reduccio-de-dies-de-pesca-al-mediterra\/","title":{"rendered":"Ajuts per compensar la reducci\u00f3 de dies de pesca al Mediterr\u00e0"},"content":{"rendered":"\n<p><strong>El Ministeri d&#8217;Agricultura, Pesca i Alimentaci\u00f3 habilitar\u00e0 un sistema d&#8217;ajuts per compensar la reducci\u00f3 de dies de pesca al Mediterr\u00e0 aplicada per la Uni\u00f3 Europea<\/strong><\/p>\n\n\n\n<p><\/p>\n","protected":false},"excerpt":{"rendered":"<p>El Ministeri d&#8217;Agricultura, Pesca i Alimentaci\u00f3 habilitar\u00e0 un sistema d&#8217;ajuts per compensar la reducci\u00f3 de dies de pesca al Mediterr\u00e0 aplicada per la Uni\u00f3 Europea<\/p>\n","protected":false},"author":2,"featured_media":1121,"comment_status":"closed","ping_status":"closed","sticky":false,"template":"","format":"standard","meta":[],"categories":[25],"tags":[],"yoast_head":"<!-- This site is optimized with the Yoast SEO plugin v20.9 - https:\/\/yoast.com\/wordpress\/plugins\/seo\/ -->\n<title>Ajuts per compensar la reducci\u00f3 de dies de pesca al Mediterr\u00e0 - EUROPEIX<\/title>\n<meta name=\"robots\" content=\"index, follow, max-snippet:-1, max-image-preview:large, max-video-preview:-1\" \/>\n<link rel=\"canonical\" href=\"https:\/\/europeix.cat\/en\/ajuts-per-compensar-la-reduccio-de-dies-de-pesca-al-mediterra\/\" \/>\n<meta name=\"twitter:label1\" content=\"Written by\" \/>\n\t<meta name=\"twitter:data1\" content=\"eu-administrador\" \/>\n<script type=\"application\/ld+json\" class=\"yoast-schema-graph\">{\"@context\":\"https:\/\/schema.org\",\"@graph\":[{\"@type\":\"WebPage\",\"@id\":\"https:\/\/europeix.cat\/en\/ajuts-per-compensar-la-reduccio-de-dies-de-pesca-al-mediterra\/\",\"url\":\"https:\/\/europeix.cat\/en\/ajuts-per-compensar-la-reduccio-de-dies-de-pesca-al-mediterra\/\",\"name\":\"Ajuts per compensar la reducci\u00f3 de dies de pesca al Mediterr\u00e0 - EUROPEIX\",\"isPartOf\":{\"@id\":\"https:\/\/europeix.cat\/#website\"},\"datePublished\":\"2023-02-17T09:07:54+00:00\",\"dateModified\":\"2024-11-13T09:05:52+00:00\",\"author\":{\"@id\":\"https:\/\/europeix.cat\/#\/schema\/person\/6ce044746279a2398222990a6bd7dfab\"},\"breadcrumb\":{\"@id\":\"https:\/\/europeix.cat\/en\/ajuts-per-compensar-la-reduccio-de-dies-de-pesca-al-mediterra\/#breadcrumb\"},\"inLanguage\":\"en-US\",\"potentialAction\":[{\"@type\":\"ReadAction\",\"target\":[\"https:\/\/europeix.cat\/en\/ajuts-per-compensar-la-reduccio-de-dies-de-pesca-al-mediterra\/\"]}]},{\"@type\":\"BreadcrumbList\",\"@id\":\"https:\/\/europeix.cat\/en\/ajuts-per-compensar-la-reduccio-de-dies-de-pesca-al-mediterra\/#breadcrumb\",\"itemListElement\":[{\"@type\":\"ListItem\",\"position\":1,\"name\":\"Portada\",\"item\":\"https:\/\/europeix.cat\/en\/home\/\"},{\"@type\":\"ListItem\",\"position\":2,\"name\":\"Ajuts per compensar la reducci\u00f3 de dies de pesca al Mediterr\u00e0\"}]},{\"@type\":\"WebSite\",\"@id\":\"https:\/\/europeix.cat\/#website\",\"url\":\"https:\/\/europeix.cat\/\",\"name\":\"EUROPEIX\",\"description\":\"EUROPEIX\",\"potentialAction\":[{\"@type\":\"SearchAction\",\"target\":{\"@type\":\"EntryPoint\",\"urlTemplate\":\"https:\/\/europeix.cat\/?s={search_term_string}\"},\"query-input\":\"required name=search_term_string\"}],\"inLanguage\":\"en-US\"},{\"@type\":\"Person\",\"@id\":\"https:\/\/europeix.cat\/#\/schema\/person\/6ce044746279a2398222990a6bd7dfab\",\"name\":\"eu-administrador\",\"url\":\"https:\/\/europeix.cat\/en\/author\/eu-administrador\/\"}]}<\/script>\n<!-- \/ Yoast SEO plugin. -->","yoast_head_json":{"title":"Ajuts per compensar la reducci\u00f3 de dies de pesca al Mediterr\u00e0 - EUROPEIX","robots":{"index":"index","follow":"follow","max-snippet":"max-snippet:-1","max-image-preview":"max-image-preview:large","max-video-preview":"max-video-preview:-1"},"canonical":"https:\/\/europeix.cat\/en\/ajuts-per-compensar-la-reduccio-de-dies-de-pesca-al-mediterra\/","twitter_misc":{"Written by":"eu-administrador"},"schema":{"@context":"https:\/\/schema.org","@graph":[{"@type":"WebPage","@id":"https:\/\/europeix.cat\/en\/ajuts-per-compensar-la-reduccio-de-dies-de-pesca-al-mediterra\/","url":"https:\/\/europeix.cat\/en\/ajuts-per-compensar-la-reduccio-de-dies-de-pesca-al-mediterra\/","name":"Ajuts per compensar la reducci\u00f3 de dies de pesca al Mediterr\u00e0 - EUROPEIX","isPartOf":{"@id":"https:\/\/europeix.cat\/#website"},"datePublished":"2023-02-17T09:07:54+00:00","dateModified":"2024-11-13T09:05:52+00:00","author":{"@id":"https:\/\/europeix.cat\/#\/schema\/person\/6ce044746279a2398222990a6bd7dfab"},"breadcrumb":{"@id":"https:\/\/europeix.cat\/en\/ajuts-per-compensar-la-reduccio-de-dies-de-pesca-al-mediterra\/#breadcrumb"},"inLanguage":"en-US","potentialAction":[{"@type":"ReadAction","target":["https:\/\/europeix.cat\/en\/ajuts-per-compensar-la-reduccio-de-dies-de-pesca-al-mediterra\/"]}]},{"@type":"BreadcrumbList","@id":"https:\/\/europeix.cat\/en\/ajuts-per-compensar-la-reduccio-de-dies-de-pesca-al-mediterra\/#breadcrumb","itemListElement":[{"@type":"ListItem","position":1,"name":"Portada","item":"https:\/\/europeix.cat\/en\/home\/"},{"@type":"ListItem","position":2,"name":"Ajuts per compensar la reducci\u00f3 de dies de pesca al Mediterr\u00e0"}]},{"@type":"WebSite","@id":"https:\/\/europeix.cat\/#website","url":"https:\/\/europeix.cat\/","name":"EUROPEIX","description":"EUROPEIX","potentialAction":[{"@type":"SearchAction","target":{"@type":"EntryPoint","urlTemplate":"https:\/\/europeix.cat\/?s={search_term_string}"},"query-input":"required name=search_term_string"}],"inLanguage":"en-US"},{"@type":"Person","@id":"https:\/\/europeix.cat\/#\/schema\/person\/6ce044746279a2398222990a6bd7dfab","name":"eu-administrador","url":"https:\/\/europeix.cat\/en\/author\/eu-administrador\/"}]}},"_links":{"self":[{"href":"https:\/\/europeix.cat\/en\/wp-json\/wp\/v2\/posts\/1149"}],"collection":[{"href":"https:\/\/europeix.cat\/en\/wp-json\/wp\/v2\/posts"}],"about":[{"href":"https:\/\/europeix.cat\/en\/wp-json\/wp\/v2\/types\/post"}],"author":[{"embeddable":true,"href":"https:\/\/europeix.cat\/en\/wp-json\/wp\/v2\/users\/2"}],"replies":[{"embeddable":true,"href":"https:\/\/europeix.cat\/en\/wp-json\/wp\/v2\/comments?post=1149"}],"version-history":[{"count":1,"href":"https:\/\/europeix.cat\/en\/wp-json\/wp\/v2\/posts\/1149\/revisions"}],"predecessor-version":[{"id":3623,"href":"https:\/\/europeix.cat\/en\/wp-json\/wp\/v2\/posts\/1149\/revisions\/3623"}],"wp:featuredmedia":[{"embeddable":true,"href":"https:\/\/europeix.cat\/en\/wp-json\/wp\/v2\/media\/1121"}],"wp:attachment":[{"href":"https:\/\/europeix.cat\/en\/wp-json\/wp\/v2\/media?parent=1149"}],"wp:term":[{"taxonomy":"category","embeddable":true,"href":"https:\/\/europeix.cat\/en\/wp-json\/wp\/v2\/categories?post=1149"},{"taxonomy":"post_tag","embeddable":true,"href":"https:\/\/europeix.cat\/en\/wp-json\/wp\/v2\/tags?post=1149"}],"curies":[{"name":"wp","href":"https:\/\/api.w.org\/{rel}","templated":true}]}}